{"id":7153,"date":"2026-01-09T20:34:51","date_gmt":"2026-01-09T19:34:51","guid":{"rendered":"https:\/\/filmenlanguedoc.com\/?p=7153"},"modified":"2026-01-09T20:35:00","modified_gmt":"2026-01-09T19:35:00","slug":"rencontre-fel-jeudi-15-janvier","status":"publish","type":"post","link":"https:\/\/filmenlanguedoc.com\/index.php\/2026\/01\/09\/rencontre-fel-jeudi-15-janvier\/","title":{"rendered":"Rencontre FEL jeudi 15 Janvier"},"content":{"rendered":"<p>[et_pb_section fb_built=\u00a0\u00bb1&Prime; admin_label=\u00a0\u00bbsection\u00a0\u00bb _builder_version=\u00a0\u00bb4.16&Prime; global_colors_info=\u00a0\u00bb{}\u00a0\u00bb theme_builder_area=\u00a0\u00bbpost_content\u00a0\u00bb][et_pb_row admin_label=\u00a0\u00bbrow\u00a0\u00bb _builder_version=\u00a0\u00bb4.16&Prime; background_size=\u00a0\u00bbinitial\u00a0\u00bb background_position=\u00a0\u00bbtop_left\u00a0\u00bb background_repeat=\u00a0\u00bbrepeat\u00a0\u00bb global_colors_info=\u00a0\u00bb{}\u00a0\u00bb theme_builder_area=\u00a0\u00bbpost_content\u00a0\u00bb][et_pb_column type=\u00a0\u00bb4_4&Prime; _builder_version=\u00a0\u00bb4.16&Prime; custom_padding=\u00a0\u00bb|||\u00a0\u00bb global_colors_info=\u00a0\u00bb{}\u00a0\u00bb custom_padding__hover=\u00a0\u00bb|||\u00a0\u00bb theme_builder_area=\u00a0\u00bbpost_content\u00a0\u00bb][et_pb_text admin_label=\u00a0\u00bbText\u00a0\u00bb _builder_version=\u00a0\u00bb4.25.2&Prime; background_size=\u00a0\u00bbinitial\u00a0\u00bb background_position=\u00a0\u00bbtop_left\u00a0\u00bb background_repeat=\u00a0\u00bbrepeat\u00a0\u00bb hover_enabled=\u00a0\u00bb0&Prime; global_colors_info=\u00a0\u00bb{}\u00a0\u00bb theme_builder_area=\u00a0\u00bbpost_content\u00a0\u00bb sticky_enabled=\u00a0\u00bb0&Prime;]<\/p>\n<div class=\"xdj266r x14z9mp xat24cr x1lziwak x1vvkbs\">\n<p data-olk-copy-source=\"MessageBody\">\ud83c\udf1e<span><strong>Rencontre FEL &#8211; Janvier<\/strong><\/span><\/p>\n<p>\ud83d\udcc5 Jeudi 15 janvier \u00e0 partir de 19h<br \/>\ud83d\udccd La Gazette Caf\u00e9<br \/>6 Rue Levat, 34000 Montpellier<\/p>\n<p>Comme toujours, la rencontre est ouverte aux membres et aux coll\u00e8gues souhaitant d\u00e9couvrir le r\u00e9seau.<br \/>N\u2019h\u00e9sitez pas \u00e0 venir accompagn\u00e9\u00b7e.<\/p>\n<p>&nbsp;<\/p>\n<\/div>\n<p>&nbsp;<\/p>\n<p><!-- \/divi:paragraph --><\/p>\n<p>[\/et_pb_text][\/et_pb_column][\/et_pb_row][et_pb_row _builder_version=\u00a0\u00bb4.16&Prime; global_colors_info=\u00a0\u00bb{}\u00a0\u00bb theme_builder_area=\u00a0\u00bbpost_content\u00a0\u00bb][et_pb_column type=\u00a0\u00bb4_4&Prime; _builder_version=\u00a0\u00bb4.16&Prime; global_colors_info=\u00a0\u00bb{}\u00a0\u00bb theme_builder_area=\u00a0\u00bbpost_content\u00a0\u00bb][et_pb_button button_url=\u00a0\u00bbhttps:\/\/fb.me\/e\/5nEbC9NiN\u00a0\u00bb button_text=\u00a0\u00bbFacebook\u00a0\u00bb _builder_version=\u00a0\u00bb4.25.2&Prime; global_colors_info=\u00a0\u00bb{}\u00a0\u00bb theme_builder_area=\u00a0\u00bbpost_content\u00a0\u00bb][\/et_pb_button][\/et_pb_column][\/et_pb_row][\/et_pb_section]<\/p>\n","protected":false},"excerpt":{"rendered":"<p>\ud83c\udf1eRencontre FEL &#8211; Janvier \ud83d\udcc5 Jeudi 15 janvier \u00e0 partir de 19h\ud83d\udccd La Gazette Caf\u00e96 Rue Levat, 34000 Montpellier Comme toujours, la rencontre est ouverte aux membres et aux coll\u00e8gues souhaitant d\u00e9couvrir le r\u00e9seau.N\u2019h\u00e9sitez pas \u00e0 venir accompagn\u00e9\u00b7e. &nbsp; &nbsp;<\/p>\n","protected":false},"author":2,"featured_media":74,"comment_status":"closed","ping_status":"closed","sticky":false,"template":"","format":"standard","meta":{"_et_pb_use_builder":"on","_et_pb_old_content":"<!-- wp:paragraph -->\n<p>Bonjour,<br>Nous vous informons que notre prochaine rencontre aura lieu \u00e0&nbsp;<strong>\u00ab La ferme marine des Aresquiers \u00bb le 28 juillet \u00e0 partir de 19h00.<\/strong><br>Nous vous attendons nombreux et nombreuses pour discuter de tout cela autour d'un verre et de quelques crustac\u00e9s.<\/p>\n<!-- \/wp:paragraph -->\n\n<!-- wp:paragraph -->\n<p><strong>A tr\u00e8s bient\u00f4t.<br>le CA de&nbsp;Film&nbsp;en&nbsp;Languedoc&nbsp;Occitanie.<\/strong><\/p>\n<!-- \/wp:paragraph -->","_et_gb_content_width":"2880","_jetpack_memberships_contains_paid_content":false,"footnotes":"","jetpack_publicize_message":"","jetpack_publicize_feature_enabled":true,"jetpack_social_post_already_shared":true,"jetpack_social_options":{"image_generator_settings":{"template":"highway","default_image_id":0,"font":"","enabled":false},"version":2}},"categories":[157],"tags":[],"class_list":["post-7153","post","type-post","status-publish","format-standard","has-post-thumbnail","hentry","category-actualites"],"yoast_head":"<!-- This site is optimized with the Yoast SEO plugin v26.9 - https:\/\/yoast.com\/product\/yoast-seo-wordpress\/ -->\n<title>Rencontre FEL jeudi 15 Janvier - Film en Languedoc Occitanie<\/title>\n<meta name=\"robots\" content=\"index, follow, max-snippet:-1, max-image-preview:large, max-video-preview:-1\" \/>\n<link rel=\"canonical\" href=\"https:\/\/filmenlanguedoc.com\/index.php\/2026\/01\/09\/rencontre-fel-jeudi-15-janvier\/\" \/>\n<meta property=\"og:locale\" content=\"fr_FR\" \/>\n<meta property=\"og:type\" content=\"article\" \/>\n<meta property=\"og:title\" content=\"Rencontre FEL jeudi 15 Janvier - Film en Languedoc Occitanie\" \/>\n<meta property=\"og:description\" content=\"\ud83c\udf1eRencontre FEL - Janvier \ud83d\udcc5 Jeudi 15 janvier \u00e0 partir de 19h\ud83d\udccd La Gazette Caf\u00e96 Rue Levat, 34000 Montpellier Comme toujours, la rencontre est ouverte aux membres et aux coll\u00e8gues souhaitant d\u00e9couvrir le r\u00e9seau.N\u2019h\u00e9sitez pas \u00e0 venir accompagn\u00e9\u00b7e. &nbsp; &nbsp;\" \/>\n<meta property=\"og:url\" content=\"https:\/\/filmenlanguedoc.com\/index.php\/2026\/01\/09\/rencontre-fel-jeudi-15-janvier\/\" \/>\n<meta property=\"og:site_name\" content=\"Film en Languedoc Occitanie\" \/>\n<meta property=\"article:published_time\" content=\"2026-01-09T19:34:51+00:00\" \/>\n<meta property=\"article:modified_time\" content=\"2026-01-09T19:35:00+00:00\" \/>\n<meta property=\"og:image\" content=\"https:\/\/filmenlanguedoc.com\/wp-content\/uploads\/2020\/03\/fond-adh\u00e9sion.png\" \/>\n\t<meta property=\"og:image:width\" content=\"1200\" \/>\n\t<meta property=\"og:image:height\" content=\"1200\" \/>\n\t<meta property=\"og:image:type\" content=\"image\/png\" \/>\n<meta name=\"author\" content=\"pierre moro\" \/>\n<meta name=\"twitter:card\" content=\"summary_large_image\" \/>\n<meta name=\"twitter:label1\" content=\"\u00c9crit par\" \/>\n\t<meta name=\"twitter:data1\" content=\"pierre moro\" \/>\n\t<meta name=\"twitter:label2\" content=\"Dur\u00e9e de lecture estim\u00e9e\" \/>\n\t<meta name=\"twitter:data2\" content=\"2 minutes\" \/>\n<script type=\"application\/ld+json\" class=\"yoast-schema-graph\">{\"@context\":\"https:\/\/schema.org\",\"@graph\":[{\"@type\":\"Article\",\"@id\":\"https:\/\/filmenlanguedoc.com\/index.php\/2026\/01\/09\/rencontre-fel-jeudi-15-janvier\/#article\",\"isPartOf\":{\"@id\":\"https:\/\/filmenlanguedoc.com\/index.php\/2026\/01\/09\/rencontre-fel-jeudi-15-janvier\/\"},\"author\":{\"name\":\"pierre moro\",\"@id\":\"https:\/\/filmenlanguedoc.com\/#\/schema\/person\/3b9802db72f6fa18a077a4ab91f4d758\"},\"headline\":\"Rencontre FEL jeudi 15 Janvier\",\"datePublished\":\"2026-01-09T19:34:51+00:00\",\"dateModified\":\"2026-01-09T19:35:00+00:00\",\"mainEntityOfPage\":{\"@id\":\"https:\/\/filmenlanguedoc.com\/index.php\/2026\/01\/09\/rencontre-fel-jeudi-15-janvier\/\"},\"wordCount\":211,\"publisher\":{\"@id\":\"https:\/\/filmenlanguedoc.com\/#organization\"},\"image\":{\"@id\":\"https:\/\/filmenlanguedoc.com\/index.php\/2026\/01\/09\/rencontre-fel-jeudi-15-janvier\/#primaryimage\"},\"thumbnailUrl\":\"https:\/\/i0.wp.com\/filmenlanguedoc.com\/wp-content\/uploads\/2020\/03\/fond-adh%C3%A9sion.png?fit=1200%2C1200&ssl=1\",\"articleSection\":[\"Actualit\u00e9s\"],\"inLanguage\":\"fr-FR\"},{\"@type\":\"WebPage\",\"@id\":\"https:\/\/filmenlanguedoc.com\/index.php\/2026\/01\/09\/rencontre-fel-jeudi-15-janvier\/\",\"url\":\"https:\/\/filmenlanguedoc.com\/index.php\/2026\/01\/09\/rencontre-fel-jeudi-15-janvier\/\",\"name\":\"Rencontre FEL jeudi 15 Janvier - Film en Languedoc Occitanie\",\"isPartOf\":{\"@id\":\"https:\/\/filmenlanguedoc.com\/#website\"},\"primaryImageOfPage\":{\"@id\":\"https:\/\/filmenlanguedoc.com\/index.php\/2026\/01\/09\/rencontre-fel-jeudi-15-janvier\/#primaryimage\"},\"image\":{\"@id\":\"https:\/\/filmenlanguedoc.com\/index.php\/2026\/01\/09\/rencontre-fel-jeudi-15-janvier\/#primaryimage\"},\"thumbnailUrl\":\"https:\/\/i0.wp.com\/filmenlanguedoc.com\/wp-content\/uploads\/2020\/03\/fond-adh%C3%A9sion.png?fit=1200%2C1200&ssl=1\",\"datePublished\":\"2026-01-09T19:34:51+00:00\",\"dateModified\":\"2026-01-09T19:35:00+00:00\",\"breadcrumb\":{\"@id\":\"https:\/\/filmenlanguedoc.com\/index.php\/2026\/01\/09\/rencontre-fel-jeudi-15-janvier\/#breadcrumb\"},\"inLanguage\":\"fr-FR\",\"potentialAction\":[{\"@type\":\"ReadAction\",\"target\":[\"https:\/\/filmenlanguedoc.com\/index.php\/2026\/01\/09\/rencontre-fel-jeudi-15-janvier\/\"]}]},{\"@type\":\"ImageObject\",\"inLanguage\":\"fr-FR\",\"@id\":\"https:\/\/filmenlanguedoc.com\/index.php\/2026\/01\/09\/rencontre-fel-jeudi-15-janvier\/#primaryimage\",\"url\":\"https:\/\/i0.wp.com\/filmenlanguedoc.com\/wp-content\/uploads\/2020\/03\/fond-adh%C3%A9sion.png?fit=1200%2C1200&ssl=1\",\"contentUrl\":\"https:\/\/i0.wp.com\/filmenlanguedoc.com\/wp-content\/uploads\/2020\/03\/fond-adh%C3%A9sion.png?fit=1200%2C1200&ssl=1\",\"width\":1200,\"height\":1200},{\"@type\":\"BreadcrumbList\",\"@id\":\"https:\/\/filmenlanguedoc.com\/index.php\/2026\/01\/09\/rencontre-fel-jeudi-15-janvier\/#breadcrumb\",\"itemListElement\":[{\"@type\":\"ListItem\",\"position\":1,\"name\":\"Accueil\",\"item\":\"https:\/\/filmenlanguedoc.com\/\"},{\"@type\":\"ListItem\",\"position\":2,\"name\":\"Rencontre FEL jeudi 15 Janvier\"}]},{\"@type\":\"WebSite\",\"@id\":\"https:\/\/filmenlanguedoc.com\/#website\",\"url\":\"https:\/\/filmenlanguedoc.com\/\",\"name\":\"Film en Languedoc Occitanie\",\"description\":\"Film en Languedoc Occitanie est une association de techniciens, ouvriers et r\u00e9alisateurs du cin\u00e9ma et de l\u2019audiovisuel. Elle est n\u00e9e en 2011 du d\u00e9sir de partager notre passion commune.\",\"publisher\":{\"@id\":\"https:\/\/filmenlanguedoc.com\/#organization\"},\"potentialAction\":[{\"@type\":\"SearchAction\",\"target\":{\"@type\":\"EntryPoint\",\"urlTemplate\":\"https:\/\/filmenlanguedoc.com\/?s={search_term_string}\"},\"query-input\":{\"@type\":\"PropertyValueSpecification\",\"valueRequired\":true,\"valueName\":\"search_term_string\"}}],\"inLanguage\":\"fr-FR\"},{\"@type\":\"Organization\",\"@id\":\"https:\/\/filmenlanguedoc.com\/#organization\",\"name\":\"Film en Languedoc Occitanie\",\"url\":\"https:\/\/filmenlanguedoc.com\/\",\"logo\":{\"@type\":\"ImageObject\",\"inLanguage\":\"fr-FR\",\"@id\":\"https:\/\/filmenlanguedoc.com\/#\/schema\/logo\/image\/\",\"url\":\"https:\/\/i0.wp.com\/filmenlanguedoc.com\/wp-content\/uploads\/2020\/04\/logotype-film-en-languedoc-occitanie-verticale-violet.png?fit=1080%2C1080&ssl=1\",\"contentUrl\":\"https:\/\/i0.wp.com\/filmenlanguedoc.com\/wp-content\/uploads\/2020\/04\/logotype-film-en-languedoc-occitanie-verticale-violet.png?fit=1080%2C1080&ssl=1\",\"width\":1080,\"height\":1080,\"caption\":\"Film en Languedoc Occitanie\"},\"image\":{\"@id\":\"https:\/\/filmenlanguedoc.com\/#\/schema\/logo\/image\/\"}},{\"@type\":\"Person\",\"@id\":\"https:\/\/filmenlanguedoc.com\/#\/schema\/person\/3b9802db72f6fa18a077a4ab91f4d758\",\"name\":\"pierre moro\",\"image\":{\"@type\":\"ImageObject\",\"inLanguage\":\"fr-FR\",\"@id\":\"https:\/\/filmenlanguedoc.com\/#\/schema\/person\/image\/\",\"url\":\"https:\/\/secure.gravatar.com\/avatar\/adfc35d2e0cd7b8fe3fd361a00a6ad5c733fe3f71b6f268571a1bf45c0a16157?s=96&d=mm&r=g\",\"contentUrl\":\"https:\/\/secure.gravatar.com\/avatar\/adfc35d2e0cd7b8fe3fd361a00a6ad5c733fe3f71b6f268571a1bf45c0a16157?s=96&d=mm&r=g\",\"caption\":\"pierre moro\"},\"url\":\"https:\/\/filmenlanguedoc.com\/index.php\/author\/admin-user2\/\"}]}<\/script>\n<!-- \/ Yoast SEO plugin. -->","yoast_head_json":{"title":"Rencontre FEL jeudi 15 Janvier - Film en Languedoc Occitanie","robots":{"index":"index","follow":"follow","max-snippet":"max-snippet:-1","max-image-preview":"max-image-preview:large","max-video-preview":"max-video-preview:-1"},"canonical":"https:\/\/filmenlanguedoc.com\/index.php\/2026\/01\/09\/rencontre-fel-jeudi-15-janvier\/","og_locale":"fr_FR","og_type":"article","og_title":"Rencontre FEL jeudi 15 Janvier - Film en Languedoc Occitanie","og_description":"\ud83c\udf1eRencontre FEL - Janvier \ud83d\udcc5 Jeudi 15 janvier \u00e0 partir de 19h\ud83d\udccd La Gazette Caf\u00e96 Rue Levat, 34000 Montpellier Comme toujours, la rencontre est ouverte aux membres et aux coll\u00e8gues souhaitant d\u00e9couvrir le r\u00e9seau.N\u2019h\u00e9sitez pas \u00e0 venir accompagn\u00e9\u00b7e. &nbsp; &nbsp;","og_url":"https:\/\/filmenlanguedoc.com\/index.php\/2026\/01\/09\/rencontre-fel-jeudi-15-janvier\/","og_site_name":"Film en Languedoc Occitanie","article_published_time":"2026-01-09T19:34:51+00:00","article_modified_time":"2026-01-09T19:35:00+00:00","og_image":[{"width":1200,"height":1200,"url":"https:\/\/filmenlanguedoc.com\/wp-content\/uploads\/2020\/03\/fond-adh\u00e9sion.png","type":"image\/png"}],"author":"pierre moro","twitter_card":"summary_large_image","twitter_misc":{"\u00c9crit par":"pierre moro","Dur\u00e9e de lecture estim\u00e9e":"2 minutes"},"schema":{"@context":"https:\/\/schema.org","@graph":[{"@type":"Article","@id":"https:\/\/filmenlanguedoc.com\/index.php\/2026\/01\/09\/rencontre-fel-jeudi-15-janvier\/#article","isPartOf":{"@id":"https:\/\/filmenlanguedoc.com\/index.php\/2026\/01\/09\/rencontre-fel-jeudi-15-janvier\/"},"author":{"name":"pierre moro","@id":"https:\/\/filmenlanguedoc.com\/#\/schema\/person\/3b9802db72f6fa18a077a4ab91f4d758"},"headline":"Rencontre FEL jeudi 15 Janvier","datePublished":"2026-01-09T19:34:51+00:00","dateModified":"2026-01-09T19:35:00+00:00","mainEntityOfPage":{"@id":"https:\/\/filmenlanguedoc.com\/index.php\/2026\/01\/09\/rencontre-fel-jeudi-15-janvier\/"},"wordCount":211,"publisher":{"@id":"https:\/\/filmenlanguedoc.com\/#organization"},"image":{"@id":"https:\/\/filmenlanguedoc.com\/index.php\/2026\/01\/09\/rencontre-fel-jeudi-15-janvier\/#primaryimage"},"thumbnailUrl":"https:\/\/i0.wp.com\/filmenlanguedoc.com\/wp-content\/uploads\/2020\/03\/fond-adh%C3%A9sion.png?fit=1200%2C1200&ssl=1","articleSection":["Actualit\u00e9s"],"inLanguage":"fr-FR"},{"@type":"WebPage","@id":"https:\/\/filmenlanguedoc.com\/index.php\/2026\/01\/09\/rencontre-fel-jeudi-15-janvier\/","url":"https:\/\/filmenlanguedoc.com\/index.php\/2026\/01\/09\/rencontre-fel-jeudi-15-janvier\/","name":"Rencontre FEL jeudi 15 Janvier - Film en Languedoc Occitanie","isPartOf":{"@id":"https:\/\/filmenlanguedoc.com\/#website"},"primaryImageOfPage":{"@id":"https:\/\/filmenlanguedoc.com\/index.php\/2026\/01\/09\/rencontre-fel-jeudi-15-janvier\/#primaryimage"},"image":{"@id":"https:\/\/filmenlanguedoc.com\/index.php\/2026\/01\/09\/rencontre-fel-jeudi-15-janvier\/#primaryimage"},"thumbnailUrl":"https:\/\/i0.wp.com\/filmenlanguedoc.com\/wp-content\/uploads\/2020\/03\/fond-adh%C3%A9sion.png?fit=1200%2C1200&ssl=1","datePublished":"2026-01-09T19:34:51+00:00","dateModified":"2026-01-09T19:35:00+00:00","breadcrumb":{"@id":"https:\/\/filmenlanguedoc.com\/index.php\/2026\/01\/09\/rencontre-fel-jeudi-15-janvier\/#breadcrumb"},"inLanguage":"fr-FR","potentialAction":[{"@type":"ReadAction","target":["https:\/\/filmenlanguedoc.com\/index.php\/2026\/01\/09\/rencontre-fel-jeudi-15-janvier\/"]}]},{"@type":"ImageObject","inLanguage":"fr-FR","@id":"https:\/\/filmenlanguedoc.com\/index.php\/2026\/01\/09\/rencontre-fel-jeudi-15-janvier\/#primaryimage","url":"https:\/\/i0.wp.com\/filmenlanguedoc.com\/wp-content\/uploads\/2020\/03\/fond-adh%C3%A9sion.png?fit=1200%2C1200&ssl=1","contentUrl":"https:\/\/i0.wp.com\/filmenlanguedoc.com\/wp-content\/uploads\/2020\/03\/fond-adh%C3%A9sion.png?fit=1200%2C1200&ssl=1","width":1200,"height":1200},{"@type":"BreadcrumbList","@id":"https:\/\/filmenlanguedoc.com\/index.php\/2026\/01\/09\/rencontre-fel-jeudi-15-janvier\/#breadcrumb","itemListElement":[{"@type":"ListItem","position":1,"name":"Accueil","item":"https:\/\/filmenlanguedoc.com\/"},{"@type":"ListItem","position":2,"name":"Rencontre FEL jeudi 15 Janvier"}]},{"@type":"WebSite","@id":"https:\/\/filmenlanguedoc.com\/#website","url":"https:\/\/filmenlanguedoc.com\/","name":"Film en Languedoc Occitanie","description":"Film en Languedoc Occitanie est une association de techniciens, ouvriers et r\u00e9alisateurs du cin\u00e9ma et de l\u2019audiovisuel. Elle est n\u00e9e en 2011 du d\u00e9sir de partager notre passion commune.","publisher":{"@id":"https:\/\/filmenlanguedoc.com\/#organization"},"potentialAction":[{"@type":"SearchAction","target":{"@type":"EntryPoint","urlTemplate":"https:\/\/filmenlanguedoc.com\/?s={search_term_string}"},"query-input":{"@type":"PropertyValueSpecification","valueRequired":true,"valueName":"search_term_string"}}],"inLanguage":"fr-FR"},{"@type":"Organization","@id":"https:\/\/filmenlanguedoc.com\/#organization","name":"Film en Languedoc Occitanie","url":"https:\/\/filmenlanguedoc.com\/","logo":{"@type":"ImageObject","inLanguage":"fr-FR","@id":"https:\/\/filmenlanguedoc.com\/#\/schema\/logo\/image\/","url":"https:\/\/i0.wp.com\/filmenlanguedoc.com\/wp-content\/uploads\/2020\/04\/logotype-film-en-languedoc-occitanie-verticale-violet.png?fit=1080%2C1080&ssl=1","contentUrl":"https:\/\/i0.wp.com\/filmenlanguedoc.com\/wp-content\/uploads\/2020\/04\/logotype-film-en-languedoc-occitanie-verticale-violet.png?fit=1080%2C1080&ssl=1","width":1080,"height":1080,"caption":"Film en Languedoc Occitanie"},"image":{"@id":"https:\/\/filmenlanguedoc.com\/#\/schema\/logo\/image\/"}},{"@type":"Person","@id":"https:\/\/filmenlanguedoc.com\/#\/schema\/person\/3b9802db72f6fa18a077a4ab91f4d758","name":"pierre moro","image":{"@type":"ImageObject","inLanguage":"fr-FR","@id":"https:\/\/filmenlanguedoc.com\/#\/schema\/person\/image\/","url":"https:\/\/secure.gravatar.com\/avatar\/adfc35d2e0cd7b8fe3fd361a00a6ad5c733fe3f71b6f268571a1bf45c0a16157?s=96&d=mm&r=g","contentUrl":"https:\/\/secure.gravatar.com\/avatar\/adfc35d2e0cd7b8fe3fd361a00a6ad5c733fe3f71b6f268571a1bf45c0a16157?s=96&d=mm&r=g","caption":"pierre moro"},"url":"https:\/\/filmenlanguedoc.com\/index.php\/author\/admin-user2\/"}]}},"jetpack_publicize_connections":[],"jetpack_featured_media_url":"https:\/\/i0.wp.com\/filmenlanguedoc.com\/wp-content\/uploads\/2020\/03\/fond-adh%C3%A9sion.png?fit=1200%2C1200&ssl=1","jetpack_sharing_enabled":true,"_links":{"self":[{"href":"https:\/\/filmenlanguedoc.com\/index.php\/wp-json\/wp\/v2\/posts\/7153","targetHints":{"allow":["GET"]}}],"collection":[{"href":"https:\/\/filmenlanguedoc.com\/index.php\/wp-json\/wp\/v2\/posts"}],"about":[{"href":"https:\/\/filmenlanguedoc.com\/index.php\/wp-json\/wp\/v2\/types\/post"}],"author":[{"embeddable":true,"href":"https:\/\/filmenlanguedoc.com\/index.php\/wp-json\/wp\/v2\/users\/2"}],"replies":[{"embeddable":true,"href":"https:\/\/filmenlanguedoc.com\/index.php\/wp-json\/wp\/v2\/comments?post=7153"}],"version-history":[{"count":2,"href":"https:\/\/filmenlanguedoc.com\/index.php\/wp-json\/wp\/v2\/posts\/7153\/revisions"}],"predecessor-version":[{"id":7155,"href":"https:\/\/filmenlanguedoc.com\/index.php\/wp-json\/wp\/v2\/posts\/7153\/revisions\/7155"}],"wp:featuredmedia":[{"embeddable":true,"href":"https:\/\/filmenlanguedoc.com\/index.php\/wp-json\/wp\/v2\/media\/74"}],"wp:attachment":[{"href":"https:\/\/filmenlanguedoc.com\/index.php\/wp-json\/wp\/v2\/media?parent=7153"}],"wp:term":[{"taxonomy":"category","embeddable":true,"href":"https:\/\/filmenlanguedoc.com\/index.php\/wp-json\/wp\/v2\/categories?post=7153"},{"taxonomy":"post_tag","embeddable":true,"href":"https:\/\/filmenlanguedoc.com\/index.php\/wp-json\/wp\/v2\/tags?post=7153"}],"curies":[{"name":"wp","href":"https:\/\/api.w.org\/{rel}","templated":true}]}}