{"id":7098,"date":"2025-10-20T14:51:22","date_gmt":"2025-10-20T12:51:22","guid":{"rendered":"https:\/\/filmenlanguedoc.com\/?p=7098"},"modified":"2025-10-20T14:51:29","modified_gmt":"2025-10-20T12:51:29","slug":"rencontre-fel-jeudi-23-octobre","status":"publish","type":"post","link":"https:\/\/filmenlanguedoc.com\/index.php\/2025\/10\/20\/rencontre-fel-jeudi-23-octobre\/","title":{"rendered":"Rencontre FEL jeudi 23 Octobre"},"content":{"rendered":"<p>[et_pb_section fb_built=\u00a0\u00bb1&Prime; admin_label=\u00a0\u00bbsection\u00a0\u00bb _builder_version=\u00a0\u00bb4.16&Prime; global_colors_info=\u00a0\u00bb{}\u00a0\u00bb theme_builder_area=\u00a0\u00bbpost_content\u00a0\u00bb][et_pb_row admin_label=\u00a0\u00bbrow\u00a0\u00bb _builder_version=\u00a0\u00bb4.16&Prime; background_size=\u00a0\u00bbinitial\u00a0\u00bb background_position=\u00a0\u00bbtop_left\u00a0\u00bb background_repeat=\u00a0\u00bbrepeat\u00a0\u00bb global_colors_info=\u00a0\u00bb{}\u00a0\u00bb theme_builder_area=\u00a0\u00bbpost_content\u00a0\u00bb][et_pb_column type=\u00a0\u00bb4_4&Prime; _builder_version=\u00a0\u00bb4.16&Prime; custom_padding=\u00a0\u00bb|||\u00a0\u00bb global_colors_info=\u00a0\u00bb{}\u00a0\u00bb custom_padding__hover=\u00a0\u00bb|||\u00a0\u00bb theme_builder_area=\u00a0\u00bbpost_content\u00a0\u00bb][et_pb_text admin_label=\u00a0\u00bbText\u00a0\u00bb _builder_version=\u00a0\u00bb4.25.2&Prime; background_size=\u00a0\u00bbinitial\u00a0\u00bb background_position=\u00a0\u00bbtop_left\u00a0\u00bb background_repeat=\u00a0\u00bbrepeat\u00a0\u00bb hover_enabled=\u00a0\u00bb0&Prime; global_colors_info=\u00a0\u00bb{}\u00a0\u00bb theme_builder_area=\u00a0\u00bbpost_content\u00a0\u00bb sticky_enabled=\u00a0\u00bb0&Prime;]<\/p>\n<div class=\"xdj266r x14z9mp xat24cr x1lziwak x1vvkbs\"><strong><span class=\"html-span xexx8yu xyri2b x18d9i69 x1c1uobl x1hl2dhg x16tdsg8 x1vvkbs x3nfvp2 x1j61x8r x1fcty0u xdj266r xat24cr xm2jcoa x1mpyi22 xxymvpz xlup9mm x1kky2od\"><img loading=\"lazy\" decoding=\"async\" height=\"16\" width=\"16\" class=\"xz74otr x15mokao x1ga7v0g x16uus16 xbiv7yw\" alt=\"\ud83c\udf1e\" referrerpolicy=\"origin-when-cross-origin\" src=\"https:\/\/static.xx.fbcdn.net\/images\/emoji.php\/v9\/tfe\/2\/16\/1f31e.png\" \/><\/span>\u00a0Rencontre FEL \u2013 Jeudi 23 octobre au R\u00e9servoir<\/strong><\/div>\n<div class=\"x14z9mp xat24cr x1lziwak x1vvkbs xtlvy1s\">Bonjour \u00e0 toutes et \u00e0 tous,<\/div>\n<div class=\"x14z9mp xat24cr x1lziwak x1vvkbs xtlvy1s\">Notre prochaine rencontre mensuelle de Film en Languedoc Occitanie aura lieu le jeudi 23 octobre \u00e0 19h30, au R\u00e9servoir<br class=\"html-br\" \/><span class=\"html-span xexx8yu xyri2b x18d9i69 x1c1uobl x1hl2dhg x16tdsg8 x1vvkbs x3nfvp2 x1j61x8r x1fcty0u xdj266r xat24cr xm2jcoa x1mpyi22 xxymvpz xlup9mm x1kky2od\"><br \/><img loading=\"lazy\" decoding=\"async\" height=\"16\" width=\"16\" class=\"xz74otr x15mokao x1ga7v0g x16uus16 xbiv7yw\" alt=\"\ud83d\udccd\" referrerpolicy=\"origin-when-cross-origin\" src=\"https:\/\/static.xx.fbcdn.net\/images\/emoji.php\/v9\/tcc\/2\/16\/1f4cd.png\" \/><\/span><span>\u00a0<\/span>55 rue de Montels Saint-Pierre, 34070 Montpellier<\/div>\n<div class=\"x14z9mp xat24cr x1lziwak x1vvkbs xtlvy1s\">Ce sera l\u2019occasion de se retrouver autour d\u2019un verre, d\u2019\u00e9changer sur nos projets, nos tournages et les actualit\u00e9s du r\u00e9seau, dans une ambiance toujours aussi conviviale.<\/div>\n<div class=\"x14z9mp xat24cr x1lziwak x1vvkbs xtlvy1s\"><span class=\"html-span xexx8yu xyri2b x18d9i69 x1c1uobl x1hl2dhg x16tdsg8 x1vvkbs x3nfvp2 x1j61x8r x1fcty0u xdj266r xat24cr xm2jcoa x1mpyi22 xxymvpz xlup9mm x1kky2od\"><br \/><img loading=\"lazy\" decoding=\"async\" height=\"16\" width=\"16\" class=\"xz74otr x15mokao x1ga7v0g x16uus16 xbiv7yw\" alt=\"\ud83d\udc49\" referrerpolicy=\"origin-when-cross-origin\" src=\"https:\/\/static.xx.fbcdn.net\/images\/emoji.php\/v9\/tf0\/2\/16\/1f449.png\" \/><\/span><span>\u00a0<\/span>Merci de confirmer votre pr\u00e9sence (et comme toujours, n\u2019h\u00e9sitez pas \u00e0 venir accompagn\u00e9\u00b7e si vous le souhaitez).<\/div>\n<div class=\"x14z9mp xat24cr x1lziwak x1vvkbs xtlvy1s\">Au plaisir de vous y retrouver nombreux\u00b7ses<\/div>\n<p>\ud83d\udce9 Infos &amp; adh\u00e9sion : www.filmenlanguedoc.com<\/p>\n<p>&nbsp;<\/p>\n<p><!-- \/divi:paragraph --><\/p>\n<p>[\/et_pb_text][\/et_pb_column][\/et_pb_row][et_pb_row _builder_version=\u00a0\u00bb4.16&Prime; global_colors_info=\u00a0\u00bb{}\u00a0\u00bb theme_builder_area=\u00a0\u00bbpost_content\u00a0\u00bb][et_pb_column type=\u00a0\u00bb4_4&Prime; _builder_version=\u00a0\u00bb4.16&Prime; global_colors_info=\u00a0\u00bb{}\u00a0\u00bb theme_builder_area=\u00a0\u00bbpost_content\u00a0\u00bb][et_pb_button button_url=\u00a0\u00bbhttps:\/\/fb.me\/e\/3tbFvrH1F\u00a0\u00bb button_text=\u00a0\u00bbFacebook\u00a0\u00bb _builder_version=\u00a0\u00bb4.16&Prime; global_colors_info=\u00a0\u00bb{}\u00a0\u00bb theme_builder_area=\u00a0\u00bbpost_content\u00a0\u00bb][\/et_pb_button][\/et_pb_column][\/et_pb_row][\/et_pb_section]<\/p>\n","protected":false},"excerpt":{"rendered":"<p>\u00a0Rencontre FEL \u2013 Jeudi 23 octobre au R\u00e9servoir Bonjour \u00e0 toutes et \u00e0 tous, Notre prochaine rencontre mensuelle de Film en Languedoc Occitanie aura lieu le jeudi 23 octobre \u00e0 19h30, au R\u00e9servoir\u00a055 rue de Montels Saint-Pierre, 34070 Montpellier Ce sera l\u2019occasion de se retrouver autour d\u2019un verre, d\u2019\u00e9changer sur nos projets, nos tournages et [&hellip;]<\/p>\n","protected":false},"author":2,"featured_media":74,"comment_status":"closed","ping_status":"closed","sticky":false,"template":"","format":"standard","meta":{"_et_pb_use_builder":"on","_et_pb_old_content":"<!-- wp:paragraph -->\n<p>Bonjour,<br>Nous vous informons que notre prochaine rencontre aura lieu \u00e0&nbsp;<strong>\u00ab La ferme marine des Aresquiers \u00bb le 28 juillet \u00e0 partir de 19h00.<\/strong><br>Nous vous attendons nombreux et nombreuses pour discuter de tout cela autour d'un verre et de quelques crustac\u00e9s.<\/p>\n<!-- \/wp:paragraph -->\n\n<!-- wp:paragraph -->\n<p><strong>A tr\u00e8s bient\u00f4t.<br>le CA de&nbsp;Film&nbsp;en&nbsp;Languedoc&nbsp;Occitanie.<\/strong><\/p>\n<!-- \/wp:paragraph -->","_et_gb_content_width":"2880","_jetpack_memberships_contains_paid_content":false,"footnotes":"","jetpack_publicize_message":"","jetpack_publicize_feature_enabled":true,"jetpack_social_post_already_shared":true,"jetpack_social_options":{"image_generator_settings":{"template":"highway","default_image_id":0,"font":"","enabled":false},"version":2}},"categories":[157],"tags":[],"class_list":["post-7098","post","type-post","status-publish","format-standard","has-post-thumbnail","hentry","category-actualites"],"yoast_head":"<!-- This site is optimized with the Yoast SEO plugin v26.9 - https:\/\/yoast.com\/product\/yoast-seo-wordpress\/ -->\n<title>Rencontre FEL jeudi 23 Octobre - Film en Languedoc Occitanie<\/title>\n<meta name=\"robots\" content=\"index, follow, max-snippet:-1, max-image-preview:large, max-video-preview:-1\" \/>\n<link rel=\"canonical\" href=\"https:\/\/filmenlanguedoc.com\/index.php\/2025\/10\/20\/rencontre-fel-jeudi-23-octobre\/\" \/>\n<meta property=\"og:locale\" content=\"fr_FR\" \/>\n<meta property=\"og:type\" content=\"article\" \/>\n<meta property=\"og:title\" content=\"Rencontre FEL jeudi 23 Octobre - Film en Languedoc Occitanie\" \/>\n<meta property=\"og:description\" content=\"\u00a0Rencontre FEL \u2013 Jeudi 23 octobre au R\u00e9servoir Bonjour \u00e0 toutes et \u00e0 tous, Notre prochaine rencontre mensuelle de Film en Languedoc Occitanie aura lieu le jeudi 23 octobre \u00e0 19h30, au R\u00e9servoir\u00a055 rue de Montels Saint-Pierre, 34070 Montpellier Ce sera l\u2019occasion de se retrouver autour d\u2019un verre, d\u2019\u00e9changer sur nos projets, nos tournages et [&hellip;]\" \/>\n<meta property=\"og:url\" content=\"https:\/\/filmenlanguedoc.com\/index.php\/2025\/10\/20\/rencontre-fel-jeudi-23-octobre\/\" \/>\n<meta property=\"og:site_name\" content=\"Film en Languedoc Occitanie\" \/>\n<meta property=\"article:published_time\" content=\"2025-10-20T12:51:22+00:00\" \/>\n<meta property=\"article:modified_time\" content=\"2025-10-20T12:51:29+00:00\" \/>\n<meta property=\"og:image\" content=\"https:\/\/filmenlanguedoc.com\/wp-content\/uploads\/2020\/03\/fond-adh\u00e9sion.png\" \/>\n\t<meta property=\"og:image:width\" content=\"1200\" \/>\n\t<meta property=\"og:image:height\" content=\"1200\" \/>\n\t<meta property=\"og:image:type\" content=\"image\/png\" \/>\n<meta name=\"author\" content=\"pierre moro\" \/>\n<meta name=\"twitter:card\" content=\"summary_large_image\" \/>\n<meta name=\"twitter:label1\" content=\"\u00c9crit par\" \/>\n\t<meta name=\"twitter:data1\" content=\"pierre moro\" \/>\n\t<meta name=\"twitter:label2\" content=\"Dur\u00e9e de lecture estim\u00e9e\" \/>\n\t<meta name=\"twitter:data2\" content=\"2 minutes\" \/>\n<script type=\"application\/ld+json\" class=\"yoast-schema-graph\">{\"@context\":\"https:\/\/schema.org\",\"@graph\":[{\"@type\":\"Article\",\"@id\":\"https:\/\/filmenlanguedoc.com\/index.php\/2025\/10\/20\/rencontre-fel-jeudi-23-octobre\/#article\",\"isPartOf\":{\"@id\":\"https:\/\/filmenlanguedoc.com\/index.php\/2025\/10\/20\/rencontre-fel-jeudi-23-octobre\/\"},\"author\":{\"name\":\"pierre moro\",\"@id\":\"https:\/\/filmenlanguedoc.com\/#\/schema\/person\/3b9802db72f6fa18a077a4ab91f4d758\"},\"headline\":\"Rencontre FEL jeudi 23 Octobre\",\"datePublished\":\"2025-10-20T12:51:22+00:00\",\"dateModified\":\"2025-10-20T12:51:29+00:00\",\"mainEntityOfPage\":{\"@id\":\"https:\/\/filmenlanguedoc.com\/index.php\/2025\/10\/20\/rencontre-fel-jeudi-23-octobre\/\"},\"wordCount\":270,\"publisher\":{\"@id\":\"https:\/\/filmenlanguedoc.com\/#organization\"},\"image\":{\"@id\":\"https:\/\/filmenlanguedoc.com\/index.php\/2025\/10\/20\/rencontre-fel-jeudi-23-octobre\/#primaryimage\"},\"thumbnailUrl\":\"https:\/\/i0.wp.com\/filmenlanguedoc.com\/wp-content\/uploads\/2020\/03\/fond-adh%C3%A9sion.png?fit=1200%2C1200&ssl=1\",\"articleSection\":[\"Actualit\u00e9s\"],\"inLanguage\":\"fr-FR\"},{\"@type\":\"WebPage\",\"@id\":\"https:\/\/filmenlanguedoc.com\/index.php\/2025\/10\/20\/rencontre-fel-jeudi-23-octobre\/\",\"url\":\"https:\/\/filmenlanguedoc.com\/index.php\/2025\/10\/20\/rencontre-fel-jeudi-23-octobre\/\",\"name\":\"Rencontre FEL jeudi 23 Octobre - Film en Languedoc Occitanie\",\"isPartOf\":{\"@id\":\"https:\/\/filmenlanguedoc.com\/#website\"},\"primaryImageOfPage\":{\"@id\":\"https:\/\/filmenlanguedoc.com\/index.php\/2025\/10\/20\/rencontre-fel-jeudi-23-octobre\/#primaryimage\"},\"image\":{\"@id\":\"https:\/\/filmenlanguedoc.com\/index.php\/2025\/10\/20\/rencontre-fel-jeudi-23-octobre\/#primaryimage\"},\"thumbnailUrl\":\"https:\/\/i0.wp.com\/filmenlanguedoc.com\/wp-content\/uploads\/2020\/03\/fond-adh%C3%A9sion.png?fit=1200%2C1200&ssl=1\",\"datePublished\":\"2025-10-20T12:51:22+00:00\",\"dateModified\":\"2025-10-20T12:51:29+00:00\",\"breadcrumb\":{\"@id\":\"https:\/\/filmenlanguedoc.com\/index.php\/2025\/10\/20\/rencontre-fel-jeudi-23-octobre\/#breadcrumb\"},\"inLanguage\":\"fr-FR\",\"potentialAction\":[{\"@type\":\"ReadAction\",\"target\":[\"https:\/\/filmenlanguedoc.com\/index.php\/2025\/10\/20\/rencontre-fel-jeudi-23-octobre\/\"]}]},{\"@type\":\"ImageObject\",\"inLanguage\":\"fr-FR\",\"@id\":\"https:\/\/filmenlanguedoc.com\/index.php\/2025\/10\/20\/rencontre-fel-jeudi-23-octobre\/#primaryimage\",\"url\":\"https:\/\/i0.wp.com\/filmenlanguedoc.com\/wp-content\/uploads\/2020\/03\/fond-adh%C3%A9sion.png?fit=1200%2C1200&ssl=1\",\"contentUrl\":\"https:\/\/i0.wp.com\/filmenlanguedoc.com\/wp-content\/uploads\/2020\/03\/fond-adh%C3%A9sion.png?fit=1200%2C1200&ssl=1\",\"width\":1200,\"height\":1200},{\"@type\":\"BreadcrumbList\",\"@id\":\"https:\/\/filmenlanguedoc.com\/index.php\/2025\/10\/20\/rencontre-fel-jeudi-23-octobre\/#breadcrumb\",\"itemListElement\":[{\"@type\":\"ListItem\",\"position\":1,\"name\":\"Accueil\",\"item\":\"https:\/\/filmenlanguedoc.com\/\"},{\"@type\":\"ListItem\",\"position\":2,\"name\":\"Rencontre FEL jeudi 23 Octobre\"}]},{\"@type\":\"WebSite\",\"@id\":\"https:\/\/filmenlanguedoc.com\/#website\",\"url\":\"https:\/\/filmenlanguedoc.com\/\",\"name\":\"Film en Languedoc Occitanie\",\"description\":\"Film en Languedoc Occitanie est une association de techniciens, ouvriers et r\u00e9alisateurs du cin\u00e9ma et de l\u2019audiovisuel. Elle est n\u00e9e en 2011 du d\u00e9sir de partager notre passion commune.\",\"publisher\":{\"@id\":\"https:\/\/filmenlanguedoc.com\/#organization\"},\"potentialAction\":[{\"@type\":\"SearchAction\",\"target\":{\"@type\":\"EntryPoint\",\"urlTemplate\":\"https:\/\/filmenlanguedoc.com\/?s={search_term_string}\"},\"query-input\":{\"@type\":\"PropertyValueSpecification\",\"valueRequired\":true,\"valueName\":\"search_term_string\"}}],\"inLanguage\":\"fr-FR\"},{\"@type\":\"Organization\",\"@id\":\"https:\/\/filmenlanguedoc.com\/#organization\",\"name\":\"Film en Languedoc Occitanie\",\"url\":\"https:\/\/filmenlanguedoc.com\/\",\"logo\":{\"@type\":\"ImageObject\",\"inLanguage\":\"fr-FR\",\"@id\":\"https:\/\/filmenlanguedoc.com\/#\/schema\/logo\/image\/\",\"url\":\"https:\/\/i0.wp.com\/filmenlanguedoc.com\/wp-content\/uploads\/2020\/04\/logotype-film-en-languedoc-occitanie-verticale-violet.png?fit=1080%2C1080&ssl=1\",\"contentUrl\":\"https:\/\/i0.wp.com\/filmenlanguedoc.com\/wp-content\/uploads\/2020\/04\/logotype-film-en-languedoc-occitanie-verticale-violet.png?fit=1080%2C1080&ssl=1\",\"width\":1080,\"height\":1080,\"caption\":\"Film en Languedoc Occitanie\"},\"image\":{\"@id\":\"https:\/\/filmenlanguedoc.com\/#\/schema\/logo\/image\/\"}},{\"@type\":\"Person\",\"@id\":\"https:\/\/filmenlanguedoc.com\/#\/schema\/person\/3b9802db72f6fa18a077a4ab91f4d758\",\"name\":\"pierre moro\",\"image\":{\"@type\":\"ImageObject\",\"inLanguage\":\"fr-FR\",\"@id\":\"https:\/\/filmenlanguedoc.com\/#\/schema\/person\/image\/\",\"url\":\"https:\/\/secure.gravatar.com\/avatar\/adfc35d2e0cd7b8fe3fd361a00a6ad5c733fe3f71b6f268571a1bf45c0a16157?s=96&d=mm&r=g\",\"contentUrl\":\"https:\/\/secure.gravatar.com\/avatar\/adfc35d2e0cd7b8fe3fd361a00a6ad5c733fe3f71b6f268571a1bf45c0a16157?s=96&d=mm&r=g\",\"caption\":\"pierre moro\"},\"url\":\"https:\/\/filmenlanguedoc.com\/index.php\/author\/admin-user2\/\"}]}<\/script>\n<!-- \/ Yoast SEO plugin. -->","yoast_head_json":{"title":"Rencontre FEL jeudi 23 Octobre - Film en Languedoc Occitanie","robots":{"index":"index","follow":"follow","max-snippet":"max-snippet:-1","max-image-preview":"max-image-preview:large","max-video-preview":"max-video-preview:-1"},"canonical":"https:\/\/filmenlanguedoc.com\/index.php\/2025\/10\/20\/rencontre-fel-jeudi-23-octobre\/","og_locale":"fr_FR","og_type":"article","og_title":"Rencontre FEL jeudi 23 Octobre - Film en Languedoc Occitanie","og_description":"\u00a0Rencontre FEL \u2013 Jeudi 23 octobre au R\u00e9servoir Bonjour \u00e0 toutes et \u00e0 tous, Notre prochaine rencontre mensuelle de Film en Languedoc Occitanie aura lieu le jeudi 23 octobre \u00e0 19h30, au R\u00e9servoir\u00a055 rue de Montels Saint-Pierre, 34070 Montpellier Ce sera l\u2019occasion de se retrouver autour d\u2019un verre, d\u2019\u00e9changer sur nos projets, nos tournages et [&hellip;]","og_url":"https:\/\/filmenlanguedoc.com\/index.php\/2025\/10\/20\/rencontre-fel-jeudi-23-octobre\/","og_site_name":"Film en Languedoc Occitanie","article_published_time":"2025-10-20T12:51:22+00:00","article_modified_time":"2025-10-20T12:51:29+00:00","og_image":[{"width":1200,"height":1200,"url":"https:\/\/filmenlanguedoc.com\/wp-content\/uploads\/2020\/03\/fond-adh\u00e9sion.png","type":"image\/png"}],"author":"pierre moro","twitter_card":"summary_large_image","twitter_misc":{"\u00c9crit par":"pierre moro","Dur\u00e9e de lecture estim\u00e9e":"2 minutes"},"schema":{"@context":"https:\/\/schema.org","@graph":[{"@type":"Article","@id":"https:\/\/filmenlanguedoc.com\/index.php\/2025\/10\/20\/rencontre-fel-jeudi-23-octobre\/#article","isPartOf":{"@id":"https:\/\/filmenlanguedoc.com\/index.php\/2025\/10\/20\/rencontre-fel-jeudi-23-octobre\/"},"author":{"name":"pierre moro","@id":"https:\/\/filmenlanguedoc.com\/#\/schema\/person\/3b9802db72f6fa18a077a4ab91f4d758"},"headline":"Rencontre FEL jeudi 23 Octobre","datePublished":"2025-10-20T12:51:22+00:00","dateModified":"2025-10-20T12:51:29+00:00","mainEntityOfPage":{"@id":"https:\/\/filmenlanguedoc.com\/index.php\/2025\/10\/20\/rencontre-fel-jeudi-23-octobre\/"},"wordCount":270,"publisher":{"@id":"https:\/\/filmenlanguedoc.com\/#organization"},"image":{"@id":"https:\/\/filmenlanguedoc.com\/index.php\/2025\/10\/20\/rencontre-fel-jeudi-23-octobre\/#primaryimage"},"thumbnailUrl":"https:\/\/i0.wp.com\/filmenlanguedoc.com\/wp-content\/uploads\/2020\/03\/fond-adh%C3%A9sion.png?fit=1200%2C1200&ssl=1","articleSection":["Actualit\u00e9s"],"inLanguage":"fr-FR"},{"@type":"WebPage","@id":"https:\/\/filmenlanguedoc.com\/index.php\/2025\/10\/20\/rencontre-fel-jeudi-23-octobre\/","url":"https:\/\/filmenlanguedoc.com\/index.php\/2025\/10\/20\/rencontre-fel-jeudi-23-octobre\/","name":"Rencontre FEL jeudi 23 Octobre - Film en Languedoc Occitanie","isPartOf":{"@id":"https:\/\/filmenlanguedoc.com\/#website"},"primaryImageOfPage":{"@id":"https:\/\/filmenlanguedoc.com\/index.php\/2025\/10\/20\/rencontre-fel-jeudi-23-octobre\/#primaryimage"},"image":{"@id":"https:\/\/filmenlanguedoc.com\/index.php\/2025\/10\/20\/rencontre-fel-jeudi-23-octobre\/#primaryimage"},"thumbnailUrl":"https:\/\/i0.wp.com\/filmenlanguedoc.com\/wp-content\/uploads\/2020\/03\/fond-adh%C3%A9sion.png?fit=1200%2C1200&ssl=1","datePublished":"2025-10-20T12:51:22+00:00","dateModified":"2025-10-20T12:51:29+00:00","breadcrumb":{"@id":"https:\/\/filmenlanguedoc.com\/index.php\/2025\/10\/20\/rencontre-fel-jeudi-23-octobre\/#breadcrumb"},"inLanguage":"fr-FR","potentialAction":[{"@type":"ReadAction","target":["https:\/\/filmenlanguedoc.com\/index.php\/2025\/10\/20\/rencontre-fel-jeudi-23-octobre\/"]}]},{"@type":"ImageObject","inLanguage":"fr-FR","@id":"https:\/\/filmenlanguedoc.com\/index.php\/2025\/10\/20\/rencontre-fel-jeudi-23-octobre\/#primaryimage","url":"https:\/\/i0.wp.com\/filmenlanguedoc.com\/wp-content\/uploads\/2020\/03\/fond-adh%C3%A9sion.png?fit=1200%2C1200&ssl=1","contentUrl":"https:\/\/i0.wp.com\/filmenlanguedoc.com\/wp-content\/uploads\/2020\/03\/fond-adh%C3%A9sion.png?fit=1200%2C1200&ssl=1","width":1200,"height":1200},{"@type":"BreadcrumbList","@id":"https:\/\/filmenlanguedoc.com\/index.php\/2025\/10\/20\/rencontre-fel-jeudi-23-octobre\/#breadcrumb","itemListElement":[{"@type":"ListItem","position":1,"name":"Accueil","item":"https:\/\/filmenlanguedoc.com\/"},{"@type":"ListItem","position":2,"name":"Rencontre FEL jeudi 23 Octobre"}]},{"@type":"WebSite","@id":"https:\/\/filmenlanguedoc.com\/#website","url":"https:\/\/filmenlanguedoc.com\/","name":"Film en Languedoc Occitanie","description":"Film en Languedoc Occitanie est une association de techniciens, ouvriers et r\u00e9alisateurs du cin\u00e9ma et de l\u2019audiovisuel. Elle est n\u00e9e en 2011 du d\u00e9sir de partager notre passion commune.","publisher":{"@id":"https:\/\/filmenlanguedoc.com\/#organization"},"potentialAction":[{"@type":"SearchAction","target":{"@type":"EntryPoint","urlTemplate":"https:\/\/filmenlanguedoc.com\/?s={search_term_string}"},"query-input":{"@type":"PropertyValueSpecification","valueRequired":true,"valueName":"search_term_string"}}],"inLanguage":"fr-FR"},{"@type":"Organization","@id":"https:\/\/filmenlanguedoc.com\/#organization","name":"Film en Languedoc Occitanie","url":"https:\/\/filmenlanguedoc.com\/","logo":{"@type":"ImageObject","inLanguage":"fr-FR","@id":"https:\/\/filmenlanguedoc.com\/#\/schema\/logo\/image\/","url":"https:\/\/i0.wp.com\/filmenlanguedoc.com\/wp-content\/uploads\/2020\/04\/logotype-film-en-languedoc-occitanie-verticale-violet.png?fit=1080%2C1080&ssl=1","contentUrl":"https:\/\/i0.wp.com\/filmenlanguedoc.com\/wp-content\/uploads\/2020\/04\/logotype-film-en-languedoc-occitanie-verticale-violet.png?fit=1080%2C1080&ssl=1","width":1080,"height":1080,"caption":"Film en Languedoc Occitanie"},"image":{"@id":"https:\/\/filmenlanguedoc.com\/#\/schema\/logo\/image\/"}},{"@type":"Person","@id":"https:\/\/filmenlanguedoc.com\/#\/schema\/person\/3b9802db72f6fa18a077a4ab91f4d758","name":"pierre moro","image":{"@type":"ImageObject","inLanguage":"fr-FR","@id":"https:\/\/filmenlanguedoc.com\/#\/schema\/person\/image\/","url":"https:\/\/secure.gravatar.com\/avatar\/adfc35d2e0cd7b8fe3fd361a00a6ad5c733fe3f71b6f268571a1bf45c0a16157?s=96&d=mm&r=g","contentUrl":"https:\/\/secure.gravatar.com\/avatar\/adfc35d2e0cd7b8fe3fd361a00a6ad5c733fe3f71b6f268571a1bf45c0a16157?s=96&d=mm&r=g","caption":"pierre moro"},"url":"https:\/\/filmenlanguedoc.com\/index.php\/author\/admin-user2\/"}]}},"jetpack_publicize_connections":[],"jetpack_featured_media_url":"https:\/\/i0.wp.com\/filmenlanguedoc.com\/wp-content\/uploads\/2020\/03\/fond-adh%C3%A9sion.png?fit=1200%2C1200&ssl=1","jetpack_sharing_enabled":true,"_links":{"self":[{"href":"https:\/\/filmenlanguedoc.com\/index.php\/wp-json\/wp\/v2\/posts\/7098","targetHints":{"allow":["GET"]}}],"collection":[{"href":"https:\/\/filmenlanguedoc.com\/index.php\/wp-json\/wp\/v2\/posts"}],"about":[{"href":"https:\/\/filmenlanguedoc.com\/index.php\/wp-json\/wp\/v2\/types\/post"}],"author":[{"embeddable":true,"href":"https:\/\/filmenlanguedoc.com\/index.php\/wp-json\/wp\/v2\/users\/2"}],"replies":[{"embeddable":true,"href":"https:\/\/filmenlanguedoc.com\/index.php\/wp-json\/wp\/v2\/comments?post=7098"}],"version-history":[{"count":2,"href":"https:\/\/filmenlanguedoc.com\/index.php\/wp-json\/wp\/v2\/posts\/7098\/revisions"}],"predecessor-version":[{"id":7100,"href":"https:\/\/filmenlanguedoc.com\/index.php\/wp-json\/wp\/v2\/posts\/7098\/revisions\/7100"}],"wp:featuredmedia":[{"embeddable":true,"href":"https:\/\/filmenlanguedoc.com\/index.php\/wp-json\/wp\/v2\/media\/74"}],"wp:attachment":[{"href":"https:\/\/filmenlanguedoc.com\/index.php\/wp-json\/wp\/v2\/media?parent=7098"}],"wp:term":[{"taxonomy":"category","embeddable":true,"href":"https:\/\/filmenlanguedoc.com\/index.php\/wp-json\/wp\/v2\/categories?post=7098"},{"taxonomy":"post_tag","embeddable":true,"href":"https:\/\/filmenlanguedoc.com\/index.php\/wp-json\/wp\/v2\/tags?post=7098"}],"curies":[{"name":"wp","href":"https:\/\/api.w.org\/{rel}","templated":true}]}}