{"id":6824,"date":"2023-02-06T11:33:54","date_gmt":"2023-02-06T10:33:54","guid":{"rendered":"https:\/\/filmenlanguedoc.com\/?p=6824"},"modified":"2023-02-06T11:38:32","modified_gmt":"2023-02-06T10:38:32","slug":"rencontre-fel-jeudi-23-fevrier","status":"publish","type":"post","link":"https:\/\/filmenlanguedoc.com\/index.php\/2023\/02\/06\/rencontre-fel-jeudi-23-fevrier\/","title":{"rendered":"Rencontre FEL Jeudi 23 f\u00e9vrier"},"content":{"rendered":"<p>[et_pb_section fb_built=\u00a0\u00bb1&Prime; admin_label=\u00a0\u00bbsection\u00a0\u00bb _builder_version=\u00a0\u00bb3.22&Prime;][et_pb_row admin_label=\u00a0\u00bbrow\u00a0\u00bb _builder_version=\u00a0\u00bb4.4.7&Prime; background_size=\u00a0\u00bbinitial\u00a0\u00bb background_position=\u00a0\u00bbtop_left\u00a0\u00bb background_repeat=\u00a0\u00bbrepeat\u00a0\u00bb hover_enabled=\u00a0\u00bb0&Prime;][et_pb_column type=\u00a0\u00bb4_4&Prime; _builder_version=\u00a0\u00bb3.25&Prime; custom_padding=\u00a0\u00bb|||\u00a0\u00bb custom_padding__hover=\u00a0\u00bb|||\u00a0\u00bb][et_pb_text admin_label=\u00a0\u00bbText\u00a0\u00bb _builder_version=\u00a0\u00bb4.4.7&Prime; background_size=\u00a0\u00bbinitial\u00a0\u00bb background_position=\u00a0\u00bbtop_left\u00a0\u00bb background_repeat=\u00a0\u00bbrepeat\u00a0\u00bb hover_enabled=\u00a0\u00bb0&Prime;]<\/p>\n<div class=\"x11i5rnm xat24cr x1mh8g0r x1vvkbs xdj266r\">\n<table align=\"center\" border=\"0\" cellpadding=\"0\" cellspacing=\"0\" width=\"100%\" class=\"x_templateContainer\">\n<tbody>\n<tr>\n<td valign=\"top\" class=\"x_bodyContainer\">\n<table border=\"0\" cellpadding=\"0\" cellspacing=\"0\" width=\"100%\" class=\"x_mcnTextBlock\">\n<tbody class=\"x_mcnTextBlockOuter\">\n<tr>\n<td valign=\"top\" class=\"x_mcnTextBlockInner\">\n<table align=\"left\" border=\"0\" cellpadding=\"0\" cellspacing=\"0\" width=\"100%\" class=\"x_mcnTextContentContainer\">\n<tbody>\n<tr>\n<td valign=\"top\" class=\"x_mcnTextContent\"><span>Cher(e)s coll\u00e8gues techniciens du cin\u00e9ma,<br aria-hidden=\"true\" \/><br aria-hidden=\"true\" \/>Nous sommes enthousiastes de vous faire part de la tenue de notre prochaine rencontre de l&rsquo;association FEL le jeudi 23 f\u00e9vrier \u00e0 la\u00a0<u><strong>\u00ab Gazette caf\u00e9 \u00bb 6 rue Levat Montpellier \u00e0 partir de 19h00.<\/strong><\/u><br aria-hidden=\"true\" \/><br aria-hidden=\"true\" \/>Cette soir\u00e9e sera l&rsquo;opportunit\u00e9 pour nous de nous r\u00e9unir, d&rsquo;\u00e9changer nos exp\u00e9riences et nos connaissances ainsi que de discuter des d\u00e9fis auxquels notre industrie est confront\u00e9e.<br aria-hidden=\"true\" \/><br aria-hidden=\"true\" \/>Nous esp\u00e9rons sinc\u00e8rement que vous pourrez vous joindre \u00e0 nous pour cette soir\u00e9e.<br aria-hidden=\"true\" \/><br aria-hidden=\"true\" \/>Si vous avez des pr\u00e9occupations ou des suggestions, n&rsquo;h\u00e9sitez pas \u00e0 nous faire parvenir vos commentaires. Nous avons h\u00e2te de vous accueillir le jeudi 23 f\u00e9vrier \u00e0 Montpellier !\u00a0\u00bb<br aria-hidden=\"true\" \/><br aria-hidden=\"true\" \/>PS : Pensez au covoiturage\u00a0n&rsquo;h\u00e9sitez pas \u00e0 demander dans le groupe facebook.<\/span><\/td>\n<\/tr>\n<\/tbody>\n<\/table>\n<\/td>\n<\/tr>\n<\/tbody>\n<\/table>\n<\/td>\n<\/tr>\n<\/tbody>\n<\/table>\n<\/div>\n<p><!-- \/divi:paragraph --><\/p>\n<p><!-- divi:paragraph --><strong>A tr\u00e8s bient\u00f4t.<br \/> le CA de\u00a0Film\u00a0en\u00a0Languedoc\u00a0Occitanie.<\/strong><\/p>\n<p><!-- \/divi:paragraph --><\/p>\n<p>[\/et_pb_text][\/et_pb_column][\/et_pb_row][et_pb_row _builder_version=\u00a0\u00bb4.4.7&Prime;][et_pb_column _builder_version=\u00a0\u00bb4.4.7&Prime; type=\u00a0\u00bb4_4&Prime;][et_pb_button button_text=\u00a0\u00bbFacebook\u00a0\u00bb _builder_version=\u00a0\u00bb4.4.7&Prime; button_url=\u00a0\u00bbhttps:\/\/fb.me\/e\/49pU9Kyap\u00a0\u00bb hover_enabled=\u00a0\u00bb0&Prime;][\/et_pb_button][\/et_pb_column][\/et_pb_row][\/et_pb_section]<\/p>\n","protected":false},"excerpt":{"rendered":"<p>Cher(e)s coll\u00e8gues techniciens du cin\u00e9ma,Nous sommes enthousiastes de vous faire part de la tenue de notre prochaine rencontre de l&rsquo;association FEL le jeudi 23 f\u00e9vrier \u00e0 la\u00a0\u00ab Gazette caf\u00e9 \u00bb 6 rue Levat Montpellier \u00e0 partir de 19h00.Cette soir\u00e9e sera l&rsquo;opportunit\u00e9 pour nous de nous r\u00e9unir, d&rsquo;\u00e9changer nos exp\u00e9riences et nos connaissances ainsi que de [&hellip;]<\/p>\n","protected":false},"author":2,"featured_media":74,"comment_status":"closed","ping_status":"closed","sticky":false,"template":"","format":"standard","meta":{"_et_pb_use_builder":"on","_et_pb_old_content":"<!-- wp:paragraph -->\n<p>Bonjour,<br>Nous vous informons que notre prochaine rencontre aura lieu \u00e0&nbsp;<strong>\u00ab La ferme marine des Aresquiers \u00bb le 28 juillet \u00e0 partir de 19h00.<\/strong><br>Nous vous attendons nombreux et nombreuses pour discuter de tout cela autour d'un verre et de quelques crustac\u00e9s.<\/p>\n<!-- \/wp:paragraph -->\n\n<!-- wp:paragraph -->\n<p><strong>A tr\u00e8s bient\u00f4t.<br>le CA de&nbsp;Film&nbsp;en&nbsp;Languedoc&nbsp;Occitanie.<\/strong><\/p>\n<!-- \/wp:paragraph -->","_et_gb_content_width":"2880","_jetpack_memberships_contains_paid_content":false,"footnotes":"","jetpack_publicize_message":"","jetpack_publicize_feature_enabled":true,"jetpack_social_post_already_shared":false,"jetpack_social_options":{"image_generator_settings":{"template":"highway","default_image_id":0,"font":"","enabled":false},"version":2}},"categories":[157],"tags":[],"class_list":["post-6824","post","type-post","status-publish","format-standard","has-post-thumbnail","hentry","category-actualites"],"yoast_head":"<!-- This site is optimized with the Yoast SEO plugin v26.9 - https:\/\/yoast.com\/product\/yoast-seo-wordpress\/ -->\n<title>Rencontre FEL Jeudi 23 f\u00e9vrier - Film en Languedoc Occitanie<\/title>\n<meta name=\"robots\" content=\"index, follow, max-snippet:-1, max-image-preview:large, max-video-preview:-1\" \/>\n<link rel=\"canonical\" href=\"https:\/\/filmenlanguedoc.com\/index.php\/2023\/02\/06\/rencontre-fel-jeudi-23-fevrier\/\" \/>\n<meta property=\"og:locale\" content=\"fr_FR\" \/>\n<meta property=\"og:type\" content=\"article\" \/>\n<meta property=\"og:title\" content=\"Rencontre FEL Jeudi 23 f\u00e9vrier - Film en Languedoc Occitanie\" \/>\n<meta property=\"og:description\" content=\"Cher(e)s coll\u00e8gues techniciens du cin\u00e9ma,Nous sommes enthousiastes de vous faire part de la tenue de notre prochaine rencontre de l&#039;association FEL le jeudi 23 f\u00e9vrier \u00e0 la\u00a0\u00ab Gazette caf\u00e9 \u00bb 6 rue Levat Montpellier \u00e0 partir de 19h00.Cette soir\u00e9e sera l&#039;opportunit\u00e9 pour nous de nous r\u00e9unir, d&#039;\u00e9changer nos exp\u00e9riences et nos connaissances ainsi que de [&hellip;]\" \/>\n<meta property=\"og:url\" content=\"https:\/\/filmenlanguedoc.com\/index.php\/2023\/02\/06\/rencontre-fel-jeudi-23-fevrier\/\" \/>\n<meta property=\"og:site_name\" content=\"Film en Languedoc Occitanie\" \/>\n<meta property=\"article:published_time\" content=\"2023-02-06T10:33:54+00:00\" \/>\n<meta property=\"article:modified_time\" content=\"2023-02-06T10:38:32+00:00\" \/>\n<meta property=\"og:image\" content=\"https:\/\/i0.wp.com\/filmenlanguedoc.com\/wp-content\/uploads\/2020\/03\/fond-adh\u00e9sion.png?fit=1200%2C1200&ssl=1\" \/>\n\t<meta property=\"og:image:width\" content=\"1200\" \/>\n\t<meta property=\"og:image:height\" content=\"1200\" \/>\n\t<meta property=\"og:image:type\" content=\"image\/png\" \/>\n<meta name=\"author\" content=\"pierre moro\" \/>\n<meta name=\"twitter:card\" content=\"summary_large_image\" \/>\n<meta name=\"twitter:label1\" content=\"\u00c9crit par\" \/>\n\t<meta name=\"twitter:data1\" content=\"pierre moro\" \/>\n\t<meta name=\"twitter:label2\" content=\"Dur\u00e9e de lecture estim\u00e9e\" \/>\n\t<meta name=\"twitter:data2\" content=\"1 minute\" \/>\n<script type=\"application\/ld+json\" class=\"yoast-schema-graph\">{\"@context\":\"https:\/\/schema.org\",\"@graph\":[{\"@type\":\"Article\",\"@id\":\"https:\/\/filmenlanguedoc.com\/index.php\/2023\/02\/06\/rencontre-fel-jeudi-23-fevrier\/#article\",\"isPartOf\":{\"@id\":\"https:\/\/filmenlanguedoc.com\/index.php\/2023\/02\/06\/rencontre-fel-jeudi-23-fevrier\/\"},\"author\":{\"name\":\"pierre moro\",\"@id\":\"https:\/\/filmenlanguedoc.com\/#\/schema\/person\/3b9802db72f6fa18a077a4ab91f4d758\"},\"headline\":\"Rencontre FEL Jeudi 23 f\u00e9vrier\",\"datePublished\":\"2023-02-06T10:33:54+00:00\",\"dateModified\":\"2023-02-06T10:38:32+00:00\",\"mainEntityOfPage\":{\"@id\":\"https:\/\/filmenlanguedoc.com\/index.php\/2023\/02\/06\/rencontre-fel-jeudi-23-fevrier\/\"},\"wordCount\":259,\"publisher\":{\"@id\":\"https:\/\/filmenlanguedoc.com\/#organization\"},\"image\":{\"@id\":\"https:\/\/filmenlanguedoc.com\/index.php\/2023\/02\/06\/rencontre-fel-jeudi-23-fevrier\/#primaryimage\"},\"thumbnailUrl\":\"https:\/\/i0.wp.com\/filmenlanguedoc.com\/wp-content\/uploads\/2020\/03\/fond-adh%C3%A9sion.png?fit=1200%2C1200&ssl=1\",\"articleSection\":[\"Actualit\u00e9s\"],\"inLanguage\":\"fr-FR\"},{\"@type\":\"WebPage\",\"@id\":\"https:\/\/filmenlanguedoc.com\/index.php\/2023\/02\/06\/rencontre-fel-jeudi-23-fevrier\/\",\"url\":\"https:\/\/filmenlanguedoc.com\/index.php\/2023\/02\/06\/rencontre-fel-jeudi-23-fevrier\/\",\"name\":\"Rencontre FEL Jeudi 23 f\u00e9vrier - Film en Languedoc Occitanie\",\"isPartOf\":{\"@id\":\"https:\/\/filmenlanguedoc.com\/#website\"},\"primaryImageOfPage\":{\"@id\":\"https:\/\/filmenlanguedoc.com\/index.php\/2023\/02\/06\/rencontre-fel-jeudi-23-fevrier\/#primaryimage\"},\"image\":{\"@id\":\"https:\/\/filmenlanguedoc.com\/index.php\/2023\/02\/06\/rencontre-fel-jeudi-23-fevrier\/#primaryimage\"},\"thumbnailUrl\":\"https:\/\/i0.wp.com\/filmenlanguedoc.com\/wp-content\/uploads\/2020\/03\/fond-adh%C3%A9sion.png?fit=1200%2C1200&ssl=1\",\"datePublished\":\"2023-02-06T10:33:54+00:00\",\"dateModified\":\"2023-02-06T10:38:32+00:00\",\"breadcrumb\":{\"@id\":\"https:\/\/filmenlanguedoc.com\/index.php\/2023\/02\/06\/rencontre-fel-jeudi-23-fevrier\/#breadcrumb\"},\"inLanguage\":\"fr-FR\",\"potentialAction\":[{\"@type\":\"ReadAction\",\"target\":[\"https:\/\/filmenlanguedoc.com\/index.php\/2023\/02\/06\/rencontre-fel-jeudi-23-fevrier\/\"]}]},{\"@type\":\"ImageObject\",\"inLanguage\":\"fr-FR\",\"@id\":\"https:\/\/filmenlanguedoc.com\/index.php\/2023\/02\/06\/rencontre-fel-jeudi-23-fevrier\/#primaryimage\",\"url\":\"https:\/\/i0.wp.com\/filmenlanguedoc.com\/wp-content\/uploads\/2020\/03\/fond-adh%C3%A9sion.png?fit=1200%2C1200&ssl=1\",\"contentUrl\":\"https:\/\/i0.wp.com\/filmenlanguedoc.com\/wp-content\/uploads\/2020\/03\/fond-adh%C3%A9sion.png?fit=1200%2C1200&ssl=1\",\"width\":1200,\"height\":1200},{\"@type\":\"BreadcrumbList\",\"@id\":\"https:\/\/filmenlanguedoc.com\/index.php\/2023\/02\/06\/rencontre-fel-jeudi-23-fevrier\/#breadcrumb\",\"itemListElement\":[{\"@type\":\"ListItem\",\"position\":1,\"name\":\"Accueil\",\"item\":\"https:\/\/filmenlanguedoc.com\/\"},{\"@type\":\"ListItem\",\"position\":2,\"name\":\"Rencontre FEL Jeudi 23 f\u00e9vrier\"}]},{\"@type\":\"WebSite\",\"@id\":\"https:\/\/filmenlanguedoc.com\/#website\",\"url\":\"https:\/\/filmenlanguedoc.com\/\",\"name\":\"Film en Languedoc Occitanie\",\"description\":\"Film en Languedoc Occitanie est une association de techniciens, ouvriers et r\u00e9alisateurs du cin\u00e9ma et de l\u2019audiovisuel. Elle est n\u00e9e en 2011 du d\u00e9sir de partager notre passion commune.\",\"publisher\":{\"@id\":\"https:\/\/filmenlanguedoc.com\/#organization\"},\"potentialAction\":[{\"@type\":\"SearchAction\",\"target\":{\"@type\":\"EntryPoint\",\"urlTemplate\":\"https:\/\/filmenlanguedoc.com\/?s={search_term_string}\"},\"query-input\":{\"@type\":\"PropertyValueSpecification\",\"valueRequired\":true,\"valueName\":\"search_term_string\"}}],\"inLanguage\":\"fr-FR\"},{\"@type\":\"Organization\",\"@id\":\"https:\/\/filmenlanguedoc.com\/#organization\",\"name\":\"Film en Languedoc Occitanie\",\"url\":\"https:\/\/filmenlanguedoc.com\/\",\"logo\":{\"@type\":\"ImageObject\",\"inLanguage\":\"fr-FR\",\"@id\":\"https:\/\/filmenlanguedoc.com\/#\/schema\/logo\/image\/\",\"url\":\"https:\/\/i0.wp.com\/filmenlanguedoc.com\/wp-content\/uploads\/2020\/04\/logotype-film-en-languedoc-occitanie-verticale-violet.png?fit=1080%2C1080&ssl=1\",\"contentUrl\":\"https:\/\/i0.wp.com\/filmenlanguedoc.com\/wp-content\/uploads\/2020\/04\/logotype-film-en-languedoc-occitanie-verticale-violet.png?fit=1080%2C1080&ssl=1\",\"width\":1080,\"height\":1080,\"caption\":\"Film en Languedoc Occitanie\"},\"image\":{\"@id\":\"https:\/\/filmenlanguedoc.com\/#\/schema\/logo\/image\/\"}},{\"@type\":\"Person\",\"@id\":\"https:\/\/filmenlanguedoc.com\/#\/schema\/person\/3b9802db72f6fa18a077a4ab91f4d758\",\"name\":\"pierre moro\",\"image\":{\"@type\":\"ImageObject\",\"inLanguage\":\"fr-FR\",\"@id\":\"https:\/\/filmenlanguedoc.com\/#\/schema\/person\/image\/\",\"url\":\"https:\/\/secure.gravatar.com\/avatar\/adfc35d2e0cd7b8fe3fd361a00a6ad5c733fe3f71b6f268571a1bf45c0a16157?s=96&d=mm&r=g\",\"contentUrl\":\"https:\/\/secure.gravatar.com\/avatar\/adfc35d2e0cd7b8fe3fd361a00a6ad5c733fe3f71b6f268571a1bf45c0a16157?s=96&d=mm&r=g\",\"caption\":\"pierre moro\"},\"url\":\"https:\/\/filmenlanguedoc.com\/index.php\/author\/admin-user2\/\"}]}<\/script>\n<!-- \/ Yoast SEO plugin. -->","yoast_head_json":{"title":"Rencontre FEL Jeudi 23 f\u00e9vrier - Film en Languedoc Occitanie","robots":{"index":"index","follow":"follow","max-snippet":"max-snippet:-1","max-image-preview":"max-image-preview:large","max-video-preview":"max-video-preview:-1"},"canonical":"https:\/\/filmenlanguedoc.com\/index.php\/2023\/02\/06\/rencontre-fel-jeudi-23-fevrier\/","og_locale":"fr_FR","og_type":"article","og_title":"Rencontre FEL Jeudi 23 f\u00e9vrier - Film en Languedoc Occitanie","og_description":"Cher(e)s coll\u00e8gues techniciens du cin\u00e9ma,Nous sommes enthousiastes de vous faire part de la tenue de notre prochaine rencontre de l'association FEL le jeudi 23 f\u00e9vrier \u00e0 la\u00a0\u00ab Gazette caf\u00e9 \u00bb 6 rue Levat Montpellier \u00e0 partir de 19h00.Cette soir\u00e9e sera l'opportunit\u00e9 pour nous de nous r\u00e9unir, d'\u00e9changer nos exp\u00e9riences et nos connaissances ainsi que de [&hellip;]","og_url":"https:\/\/filmenlanguedoc.com\/index.php\/2023\/02\/06\/rencontre-fel-jeudi-23-fevrier\/","og_site_name":"Film en Languedoc Occitanie","article_published_time":"2023-02-06T10:33:54+00:00","article_modified_time":"2023-02-06T10:38:32+00:00","og_image":[{"width":1200,"height":1200,"url":"https:\/\/i0.wp.com\/filmenlanguedoc.com\/wp-content\/uploads\/2020\/03\/fond-adh\u00e9sion.png?fit=1200%2C1200&ssl=1","type":"image\/png"}],"author":"pierre moro","twitter_card":"summary_large_image","twitter_misc":{"\u00c9crit par":"pierre moro","Dur\u00e9e de lecture estim\u00e9e":"1 minute"},"schema":{"@context":"https:\/\/schema.org","@graph":[{"@type":"Article","@id":"https:\/\/filmenlanguedoc.com\/index.php\/2023\/02\/06\/rencontre-fel-jeudi-23-fevrier\/#article","isPartOf":{"@id":"https:\/\/filmenlanguedoc.com\/index.php\/2023\/02\/06\/rencontre-fel-jeudi-23-fevrier\/"},"author":{"name":"pierre moro","@id":"https:\/\/filmenlanguedoc.com\/#\/schema\/person\/3b9802db72f6fa18a077a4ab91f4d758"},"headline":"Rencontre FEL Jeudi 23 f\u00e9vrier","datePublished":"2023-02-06T10:33:54+00:00","dateModified":"2023-02-06T10:38:32+00:00","mainEntityOfPage":{"@id":"https:\/\/filmenlanguedoc.com\/index.php\/2023\/02\/06\/rencontre-fel-jeudi-23-fevrier\/"},"wordCount":259,"publisher":{"@id":"https:\/\/filmenlanguedoc.com\/#organization"},"image":{"@id":"https:\/\/filmenlanguedoc.com\/index.php\/2023\/02\/06\/rencontre-fel-jeudi-23-fevrier\/#primaryimage"},"thumbnailUrl":"https:\/\/i0.wp.com\/filmenlanguedoc.com\/wp-content\/uploads\/2020\/03\/fond-adh%C3%A9sion.png?fit=1200%2C1200&ssl=1","articleSection":["Actualit\u00e9s"],"inLanguage":"fr-FR"},{"@type":"WebPage","@id":"https:\/\/filmenlanguedoc.com\/index.php\/2023\/02\/06\/rencontre-fel-jeudi-23-fevrier\/","url":"https:\/\/filmenlanguedoc.com\/index.php\/2023\/02\/06\/rencontre-fel-jeudi-23-fevrier\/","name":"Rencontre FEL Jeudi 23 f\u00e9vrier - Film en Languedoc Occitanie","isPartOf":{"@id":"https:\/\/filmenlanguedoc.com\/#website"},"primaryImageOfPage":{"@id":"https:\/\/filmenlanguedoc.com\/index.php\/2023\/02\/06\/rencontre-fel-jeudi-23-fevrier\/#primaryimage"},"image":{"@id":"https:\/\/filmenlanguedoc.com\/index.php\/2023\/02\/06\/rencontre-fel-jeudi-23-fevrier\/#primaryimage"},"thumbnailUrl":"https:\/\/i0.wp.com\/filmenlanguedoc.com\/wp-content\/uploads\/2020\/03\/fond-adh%C3%A9sion.png?fit=1200%2C1200&ssl=1","datePublished":"2023-02-06T10:33:54+00:00","dateModified":"2023-02-06T10:38:32+00:00","breadcrumb":{"@id":"https:\/\/filmenlanguedoc.com\/index.php\/2023\/02\/06\/rencontre-fel-jeudi-23-fevrier\/#breadcrumb"},"inLanguage":"fr-FR","potentialAction":[{"@type":"ReadAction","target":["https:\/\/filmenlanguedoc.com\/index.php\/2023\/02\/06\/rencontre-fel-jeudi-23-fevrier\/"]}]},{"@type":"ImageObject","inLanguage":"fr-FR","@id":"https:\/\/filmenlanguedoc.com\/index.php\/2023\/02\/06\/rencontre-fel-jeudi-23-fevrier\/#primaryimage","url":"https:\/\/i0.wp.com\/filmenlanguedoc.com\/wp-content\/uploads\/2020\/03\/fond-adh%C3%A9sion.png?fit=1200%2C1200&ssl=1","contentUrl":"https:\/\/i0.wp.com\/filmenlanguedoc.com\/wp-content\/uploads\/2020\/03\/fond-adh%C3%A9sion.png?fit=1200%2C1200&ssl=1","width":1200,"height":1200},{"@type":"BreadcrumbList","@id":"https:\/\/filmenlanguedoc.com\/index.php\/2023\/02\/06\/rencontre-fel-jeudi-23-fevrier\/#breadcrumb","itemListElement":[{"@type":"ListItem","position":1,"name":"Accueil","item":"https:\/\/filmenlanguedoc.com\/"},{"@type":"ListItem","position":2,"name":"Rencontre FEL Jeudi 23 f\u00e9vrier"}]},{"@type":"WebSite","@id":"https:\/\/filmenlanguedoc.com\/#website","url":"https:\/\/filmenlanguedoc.com\/","name":"Film en Languedoc Occitanie","description":"Film en Languedoc Occitanie est une association de techniciens, ouvriers et r\u00e9alisateurs du cin\u00e9ma et de l\u2019audiovisuel. Elle est n\u00e9e en 2011 du d\u00e9sir de partager notre passion commune.","publisher":{"@id":"https:\/\/filmenlanguedoc.com\/#organization"},"potentialAction":[{"@type":"SearchAction","target":{"@type":"EntryPoint","urlTemplate":"https:\/\/filmenlanguedoc.com\/?s={search_term_string}"},"query-input":{"@type":"PropertyValueSpecification","valueRequired":true,"valueName":"search_term_string"}}],"inLanguage":"fr-FR"},{"@type":"Organization","@id":"https:\/\/filmenlanguedoc.com\/#organization","name":"Film en Languedoc Occitanie","url":"https:\/\/filmenlanguedoc.com\/","logo":{"@type":"ImageObject","inLanguage":"fr-FR","@id":"https:\/\/filmenlanguedoc.com\/#\/schema\/logo\/image\/","url":"https:\/\/i0.wp.com\/filmenlanguedoc.com\/wp-content\/uploads\/2020\/04\/logotype-film-en-languedoc-occitanie-verticale-violet.png?fit=1080%2C1080&ssl=1","contentUrl":"https:\/\/i0.wp.com\/filmenlanguedoc.com\/wp-content\/uploads\/2020\/04\/logotype-film-en-languedoc-occitanie-verticale-violet.png?fit=1080%2C1080&ssl=1","width":1080,"height":1080,"caption":"Film en Languedoc Occitanie"},"image":{"@id":"https:\/\/filmenlanguedoc.com\/#\/schema\/logo\/image\/"}},{"@type":"Person","@id":"https:\/\/filmenlanguedoc.com\/#\/schema\/person\/3b9802db72f6fa18a077a4ab91f4d758","name":"pierre moro","image":{"@type":"ImageObject","inLanguage":"fr-FR","@id":"https:\/\/filmenlanguedoc.com\/#\/schema\/person\/image\/","url":"https:\/\/secure.gravatar.com\/avatar\/adfc35d2e0cd7b8fe3fd361a00a6ad5c733fe3f71b6f268571a1bf45c0a16157?s=96&d=mm&r=g","contentUrl":"https:\/\/secure.gravatar.com\/avatar\/adfc35d2e0cd7b8fe3fd361a00a6ad5c733fe3f71b6f268571a1bf45c0a16157?s=96&d=mm&r=g","caption":"pierre moro"},"url":"https:\/\/filmenlanguedoc.com\/index.php\/author\/admin-user2\/"}]}},"jetpack_publicize_connections":[],"jetpack_featured_media_url":"https:\/\/i0.wp.com\/filmenlanguedoc.com\/wp-content\/uploads\/2020\/03\/fond-adh%C3%A9sion.png?fit=1200%2C1200&ssl=1","jetpack_sharing_enabled":true,"_links":{"self":[{"href":"https:\/\/filmenlanguedoc.com\/index.php\/wp-json\/wp\/v2\/posts\/6824","targetHints":{"allow":["GET"]}}],"collection":[{"href":"https:\/\/filmenlanguedoc.com\/index.php\/wp-json\/wp\/v2\/posts"}],"about":[{"href":"https:\/\/filmenlanguedoc.com\/index.php\/wp-json\/wp\/v2\/types\/post"}],"author":[{"embeddable":true,"href":"https:\/\/filmenlanguedoc.com\/index.php\/wp-json\/wp\/v2\/users\/2"}],"replies":[{"embeddable":true,"href":"https:\/\/filmenlanguedoc.com\/index.php\/wp-json\/wp\/v2\/comments?post=6824"}],"version-history":[{"count":2,"href":"https:\/\/filmenlanguedoc.com\/index.php\/wp-json\/wp\/v2\/posts\/6824\/revisions"}],"predecessor-version":[{"id":6826,"href":"https:\/\/filmenlanguedoc.com\/index.php\/wp-json\/wp\/v2\/posts\/6824\/revisions\/6826"}],"wp:featuredmedia":[{"embeddable":true,"href":"https:\/\/filmenlanguedoc.com\/index.php\/wp-json\/wp\/v2\/media\/74"}],"wp:attachment":[{"href":"https:\/\/filmenlanguedoc.com\/index.php\/wp-json\/wp\/v2\/media?parent=6824"}],"wp:term":[{"taxonomy":"category","embeddable":true,"href":"https:\/\/filmenlanguedoc.com\/index.php\/wp-json\/wp\/v2\/categories?post=6824"},{"taxonomy":"post_tag","embeddable":true,"href":"https:\/\/filmenlanguedoc.com\/index.php\/wp-json\/wp\/v2\/tags?post=6824"}],"curies":[{"name":"wp","href":"https:\/\/api.w.org\/{rel}","templated":true}]}}