{"id":6501,"date":"2020-07-02T15:44:00","date_gmt":"2020-07-02T13:44:00","guid":{"rendered":"https:\/\/filmenlanguedoc.com\/?p=6501"},"modified":"2020-07-05T16:39:25","modified_gmt":"2020-07-05T14:39:25","slug":"newsletter-bellefaye-la-summer","status":"publish","type":"post","link":"https:\/\/filmenlanguedoc.com\/index.php\/2020\/07\/02\/newsletter-bellefaye-la-summer\/","title":{"rendered":"Newsletter BELLEFAYE \/ La summer"},"content":{"rendered":"<p>[et_pb_section fb_built=\u00a0\u00bb1&Prime; _builder_version=\u00a0\u00bb4.4.0&Prime; min_height=\u00a0\u00bb312px\u00a0\u00bb custom_padding=\u00a0\u00bb0px||0px|||\u00a0\u00bb][et_pb_row _builder_version=\u00a0\u00bb4.4.0&Prime; width=\u00a0\u00bb95%\u00a0\u00bb width_tablet=\u00a0\u00bb\u00a0\u00bb width_phone=\u00a0\u00bb95%\u00a0\u00bb width_last_edited=\u00a0\u00bbon|phone\u00a0\u00bb custom_margin_tablet=\u00a0\u00bb\u00a0\u00bb custom_margin_phone=\u00a0\u00bb-38px||||false|false\u00a0\u00bb custom_margin_last_edited=\u00a0\u00bbon|phone\u00a0\u00bb custom_padding=\u00a0\u00bb0px||0px|||\u00a0\u00bb][et_pb_column type=\u00a0\u00bb4_4&Prime; _builder_version=\u00a0\u00bb4.4.0&Prime;][et_pb_text _builder_version=\u00a0\u00bb4.4.7&Prime; custom_margin=\u00a0\u00bb|-49px||||\u00a0\u00bb custom_padding=\u00a0\u00bb|52px||0px||\u00a0\u00bb]<\/p>\n<p><span><em><a href=\"https:\/\/www.bellefaye.com\/\">www.bellefaye.com \/\u00a0<\/a><\/em><em><a href=\"mailto:Newsletter@bellefaye.com\">Newsletter@bellefaye.com<\/a><\/em><\/span>\u00a0\u00a0<\/p>\n<p align=\"left\"><span style=\"text-decoration: underline; color: #000000;\"><strong>1. Ducobu, au tableau !<\/strong><\/span><\/p>\n<p align=\"left\"><strong>Avec 495 films en salles sur Paris et Ile-de- France,<\/strong><span>\u00a0<\/span>(source Officiel du Spectacle),<br \/> le 1er juillet, les programmateurs, pour la r\u00e9ouverture,\u00a0ont puis\u00e9 dans les r\u00e9serves :\u00a0presque un\u00a0an et demi de films, avec peu\u00a0d&rsquo;indicateurs s\u00fbrs. Quels films \u00e9taient en phase ascendante, en vol de croisi\u00e8re, ou en piqu\u00e9,\u00a0au moment de la fermeture<br \/> des cin\u00e9mas ?<br \/> Tel \u00ab\u00a0Ducobu\u00a0\u00bb, 3 574 entr\u00e9es sur 119 copies, la semaine derni\u00e8re,<br \/> mais 1 462 000\u00a0entr\u00e9es au compteur. Ou le succ\u00e8s de\u00a0\u00ab\u00a0La\u00a0\u00bb Bonne Epouse\u00a0\u00bb, 167 748 entr\u00e9es sur 962 copies, en t\u00eate du classement cette semaine, et qui du coup,va rester<br \/> \u00e0 l&rsquo;affiche tout l&rsquo;\u00e9t\u00e9.<\/p>\n<p align=\"left\"><strong>On peut, depuis une semaine,<\/strong><span>\u00a0<\/span>\u00e9tudier les chiffres d&rsquo;entr\u00e9es film par film, ville par ville.<br \/> Mais les chiffres hebdomadaires ne r\u00e9pondent pas \u00e0 la n\u00e9cessit\u00e9 de mesurer le volume<br \/> des entr\u00e9es au jour le jour, qui, seul, pour toute la fili\u00e8re, dira o\u00f9 l&rsquo;on en est.<br \/> Et surtout l&rsquo;impact du Covid-19 sur la fr\u00e9quentation.<\/p>\n<p><strong>Pour le cin\u00e9ma, la collecte totale,<\/strong><span>\u00a0<\/span>au jour le jour, est difficile, mais un chiffre fond\u00e9<br \/> sur un \u00e9chantillon repr\u00e9sentatif Paris\/Province,\u00a0remont\u00e9 chaque jour, c&rsquo;est faisable ais\u00e9ment&#8230;<br \/> Et nous, on se l\u00e8ve le matin,\u00a0on lit le chiffre de la veille, et on sait o\u00f9 on va.<\/p>\n<p align=\"left\"><strong>La reprise\u00a0soulag\u00e9e,<\/strong><span>\u00a0<\/span>en amont &#8211;\u00a0castings surbook\u00e9s, pr\u00e9parations sous pression &#8211; ne doit pas masquer que\u00a0l&rsquo;avenir des films d\u00e9pend du flux\u00a0des spectateurs. C&rsquo;est le chiffre vital.<\/p>\n<p align=\"left\"><span style=\"text-decoration: underline;\"><span style=\"color: #000000; text-decoration: underline;\"><strong>2.\u00a0Festivals, March\u00e9s virtuels for ever ?<\/strong><\/span><\/span><\/p>\n<p align=\"left\"><strong>Festivals en ligne, March\u00e9s virtuels,<\/strong><span>\u00a0<\/span>c&rsquo;est l&rsquo;heure du premier bilan.<br \/>Les organisateurs sont satisfaits,\u00a0le virtuel a pleinement rempli sa mission de continuation, de pr\u00e9servation, d&rsquo;\u00e9largissement des \u00e9v\u00e9nements r\u00e9els. Ce n&rsquo;est pas rien.<br \/>On partait de z\u00e9ro.<br \/>Pas vraiment familiers du num\u00e9rique, les reportings sont plut\u00f4t\u00a0litt\u00e9raires et parlent davantage de \u00ab\u00a0satisfaction des visiteurs\u00a0\u00bb, de \u00ab\u00a0c&rsquo;\u00e9tait comme en vrai\u00a0\u00bb, que de pages vues, nombre de connexions,\u00a0taux de rebond&#8230; Ce sera pour apr\u00e8s.<br \/>Arrive la question : et ensuite ?<\/p>\n<p><strong>Les r\u00e9flexions sont d\u00e9j\u00e0 entam\u00e9es,<\/strong><span>\u00a0<\/span>voire\u00a0abouties : on garde le clone virtuel !<br \/>\u00ab\u00a0L&rsquo;an prochain, on sera hybride : r\u00e9el+virtuel, car on n&rsquo;a pas envie de renoncer<br \/>\u00e0 cette fen\u00eatre sur le grand large, qui nous fait exister \u00e0 la dimension du monde.\u00a0\u00bb<br \/>Ainsi le MIFA d&rsquo;Annecy, Le March\u00e9 du Film de Cannes, Sunny Side of the Doc<br \/>de la Rochelle\u00a0vont p\u00e9renniser leurs innovations virtuelles. D&rsquo;autres vont suivre.<\/p>\n<p><strong>Mention sp\u00e9ciale \u00e0 ce dernier<\/strong><span>\u00a0<\/span>son\u00a0festival virtuel parfaitement adapt\u00e9, facile de navigation, confortable, permettant un survol complet de la production\u00a0mondiale 2020,<br \/>et le plaisir de la d\u00e9couverte de nombreux talents.<\/p>\n<p><strong>Mais\u00a0sur tous ces sites,<\/strong><span>\u00a0<\/span>la puissance du num\u00e9rique n&rsquo;a \u00e9t\u00e9 qu&rsquo;effleur\u00e9e.\u00a0<br \/>Les festivals, les march\u00e9s virtuels peuvent en dire bien plus sur\u00a0l&rsquo;\u00e9v\u00e9nement r\u00e9el.<br \/>Un peu comme dans le sport, pendant les matchs, les statistiques de jeux, les classements\u2026<br \/>Il va falloir recruter des sp\u00e9cialistes des data !<\/p>\n<p align=\"left\"><span style=\"text-decoration: underline;\"><strong><a title=\"\" href=\"http:\/\/eye.news-bellefaye.com\/c?p=wATNAQ3DxBAwfkjQsCAcSnDQpNC94egi69CB0MDEENCk0I3QmD3l7krQgNCJF9C10I8Se9CE0NzZImh0dHBzOi8vd3d3LnRpZmYubmV0L2Fib3V0LXRpZmYtMjC4NWVmNWE1YWViOTVjZWU1ZGIxODkzZDZlxBAD9PJgadDFQC7QktCVfPzQttCaQzO2ZXllLm5ld3MtYmVsbGVmYXllLmNvbcQU0JNcXwxE0Nzq0K0XRm1A6Phb5tDb0Irz0I0\" rel=\"noopener noreferrer\" target=\"_blank\" data-saferedirecturl=\"https:\/\/www.google.com\/url?q=http:\/\/eye.news-bellefaye.com\/c?p%3DwATNAQ3DxBAwfkjQsCAcSnDQpNC94egi69CB0MDEENCk0I3QmD3l7krQgNCJF9C10I8Se9CE0NzZImh0dHBzOi8vd3d3LnRpZmYubmV0L2Fib3V0LXRpZmYtMjC4NWVmNWE1YWViOTVjZWU1ZGIxODkzZDZlxBAD9PJgadDFQC7QktCVfPzQttCaQzO2ZXllLm5ld3MtYmVsbGVmYXllLmNvbcQU0JNcXwxE0Nzq0K0XRm1A6Phb5tDb0Irz0I0&amp;source=gmail&amp;ust=1594039548477000&amp;usg=AFQjCNGr4tdO9EoKNdFUQVzv4-kNvsfPbA\">Festival de Toronto<\/a><\/strong><\/span><br \/><span style=\"text-decoration: underline;\"><strong><a title=\"\" href=\"http:\/\/eye.news-bellefaye.com\/c?p=wATNAQ3DxBAwfkjQsCAcSnDQpNC94egi69CB0MDEEH9rV9DCU9CjRuvQpwnQxnJ44_hD2WNodHRwczovL3d3dy5mZXN0aXZhbC1jYW5uZXMuY29tL2ZyL2luZm9zLWNvbW11bmlxdWVzL2NvbW11bmlxdWUvYXJ0aWNsZXMvb24tc2Utc2VyYWl0LWNydXMtYS1jYW5uZXO4NWVmNWE1YWViOTVjZWU1ZGIxODkzZDZlxBAD9PJgadDFQC7QktCVfPzQttCaQzO2ZXllLm5ld3MtYmVsbGVmYXllLmNvbcQU0JNcXwxE0Nzq0K0XRm1A6Phb5tDb0Irz0I0\" rel=\"noopener noreferrer\" target=\"_blank\" data-saferedirecturl=\"https:\/\/www.google.com\/url?q=http:\/\/eye.news-bellefaye.com\/c?p%3DwATNAQ3DxBAwfkjQsCAcSnDQpNC94egi69CB0MDEEH9rV9DCU9CjRuvQpwnQxnJ44_hD2WNodHRwczovL3d3dy5mZXN0aXZhbC1jYW5uZXMuY29tL2ZyL2luZm9zLWNvbW11bmlxdWVzL2NvbW11bmlxdWUvYXJ0aWNsZXMvb24tc2Utc2VyYWl0LWNydXMtYS1jYW5uZXO4NWVmNWE1YWViOTVjZWU1ZGIxODkzZDZlxBAD9PJgadDFQC7QktCVfPzQttCaQzO2ZXllLm5ld3MtYmVsbGVmYXllLmNvbcQU0JNcXwxE0Nzq0K0XRm1A6Phb5tDb0Irz0I0&amp;source=gmail&amp;ust=1594039548478000&amp;usg=AFQjCNF4H19Zktn0Wm9Ec7h-Gvq7jSIYCw\">March\u00e9 du Film de Cannes<\/a><\/strong><\/span><br \/><span style=\"text-decoration: underline;\"><strong><a title=\"\" href=\"http:\/\/eye.news-bellefaye.com\/c?p=wATNAQ3DxBAwfkjQsCAcSnDQpNC94egi69CB0MDEEPkBC2bQgtCZTBjQsEtX0IAfdxzQwNklaHR0cHM6Ly93d3cuc3VubnlzaWRlb2Z0aGVkb2MuY29tL2ZyL7g1ZWY1YTVhZWI5NWNlZTVkYjE4OTNkNmXEEAP08mBp0MVALtCS0JV8_NC20JpDM7ZleWUubmV3cy1iZWxsZWZheWUuY29txBTQk1xfDETQ3OrQrRdGbUDo-Fvm0NvQivPQjQ\" rel=\"noopener noreferrer\" target=\"_blank\" data-saferedirecturl=\"https:\/\/www.google.com\/url?q=http:\/\/eye.news-bellefaye.com\/c?p%3DwATNAQ3DxBAwfkjQsCAcSnDQpNC94egi69CB0MDEEPkBC2bQgtCZTBjQsEtX0IAfdxzQwNklaHR0cHM6Ly93d3cuc3VubnlzaWRlb2Z0aGVkb2MuY29tL2ZyL7g1ZWY1YTVhZWI5NWNlZTVkYjE4OTNkNmXEEAP08mBp0MVALtCS0JV8_NC20JpDM7ZleWUubmV3cy1iZWxsZWZheWUuY29txBTQk1xfDETQ3OrQrRdGbUDo-Fvm0NvQivPQjQ&amp;source=gmail&amp;ust=1594039548478000&amp;usg=AFQjCNEmVLE4G1hqDwiihKQKjGSSOKZmtg\">Sunny Side of the Doc<\/a><\/strong><\/span><\/p>\n<p align=\"left\"><span style=\"text-decoration: underline; color: #000000;\"><strong>3.\u00a0En bande passante organis\u00e9e<\/strong><\/span><\/p>\n<p align=\"left\"><span><strong>Mais le num\u00e9rique a des failles,<\/strong>\u00a0on peut vous faire les poches.<br \/>Il nous a sembl\u00e9 utile d&rsquo;attirer l&rsquo;attention sur l&rsquo;h\u00e9bergement des serveurs de festivals<br \/>ou de march\u00e9s.<br \/>Car c&rsquo;est un souci actuel de Bruxelles : rapatrier les serveurs de donn\u00e9es quand elles<br \/>sont strat\u00e9giques. Et les donn\u00e9es du cin\u00e9ma le sont.<br \/>Un exemple en France<br \/>Pour Cannes, les trois sites Festivals, March\u00e9 du film et \u00a0Cinando, la base de donn\u00e9es,<br \/>sont h\u00e9berg\u00e9s chez Amazon.<br \/>On a suivi la route des donn\u00e9es\u00a0:\u00a0elles s&rsquo;en vont d&rsquo;abord en Irlande, puis direct San Francisco, et\u00a0des serveurs\u00a0de sauvegarde diss\u00e9min\u00e9s sur tout le territoire am\u00e9ricain :<br \/>nul ne sait, sauf Amazon, o\u00f9 elles sont.\u00a0Donc les r\u00e9cup\u00e9rer\u2026<\/span><\/p>\n<p><strong>Plus qu&rsquo;un d\u00e9tail :\u00a0<\/strong>\u00a0les adresses IP\u00a0des trois sites cannois\u00a0sont am\u00e9ricaines,\u00a0propri\u00e9t\u00e9 d&rsquo;Amazon, selon la certification de Ripe.net.<br \/>Ils sont donc totalement soumis au Patriot Act qui ouvre un acc\u00e8s \u00ab\u00a0encadr\u00e9\u00a0\u00bb par la loi aux autorit\u00e9s am\u00e9ricaines, mais avec des interpr\u00e9tations possibles du juge qui accorde l&rsquo;acc\u00e8s, ainsi qu&rsquo;aux divers services\u00a0qui n&rsquo;ont pas \u00e0 justifier de leurs demandes.<br \/>Un retour en France ? il y a des serveurs de confiance :\u00a0OVH, Jaguar et d&rsquo;autres\u2026<span><br \/><\/span><span style=\"text-decoration: underline;\"><strong><a title=\"\" href=\"http:\/\/eye.news-bellefaye.com\/c?p=wATNAQ3DxBAwfkjQsCAcSnDQpNC94egi69CB0MDEEA8yedCdXdCeRNCs0K31VNCE0KgY8ey_aHR0cHM6Ly93d3cuamFndWFyLW5ldHdvcmsuY29tL7g1ZWY1YTVhZWI5NWNlZTVkYjE4OTNkNmXEEAP08mBp0MVALtCS0JV8_NC20JpDM7ZleWUubmV3cy1iZWxsZWZheWUuY29txBTQk1xfDETQ3OrQrRdGbUDo-Fvm0NvQivPQjQ\" rel=\"noopener noreferrer\" target=\"_blank\" data-saferedirecturl=\"https:\/\/www.google.com\/url?q=http:\/\/eye.news-bellefaye.com\/c?p%3DwATNAQ3DxBAwfkjQsCAcSnDQpNC94egi69CB0MDEEA8yedCdXdCeRNCs0K31VNCE0KgY8ey_aHR0cHM6Ly93d3cuamFndWFyLW5ldHdvcmsuY29tL7g1ZWY1YTVhZWI5NWNlZTVkYjE4OTNkNmXEEAP08mBp0MVALtCS0JV8_NC20JpDM7ZleWUubmV3cy1iZWxsZWZheWUuY29txBTQk1xfDETQ3OrQrRdGbUDo-Fvm0NvQivPQjQ&amp;source=gmail&amp;ust=1594039548478000&amp;usg=AFQjCNGYjTyHwZpy8jPUFBC6ltU2T5BnKw\">Jaguar<\/a>\u00a0<\/strong><\/span><br \/><span style=\"text-decoration: underline;\"><strong><a title=\"\" href=\"http:\/\/eye.news-bellefaye.com\/c?p=wATNAQ3DxBAwfkjQsCAcSnDQpNC94egi69CB0MDEENDc0LBYO9CmTkbQldCqDtCIbFMyb0PZdmh0dHBzOi8vd3d3LmxhdHJpYnVuZS5mci9vcGluaW9ucy90cmlidW5lcy9sYS1zb3V2ZXJhaW5ldGUtbnVtZXJpcXVlLXVuZS1xdWVzdGlvbi1kZS1zdXJ2aWUtcG91ci1sZXMtdGVycml0b2lyZXMtODQ5OTe4NWVmNWE1YWViOTVjZWU1ZGIxODkzZDZlxBAD9PJgadDFQC7QktCVfPzQttCaQzO2ZXllLm5ld3MtYmVsbGVmYXllLmNvbcQU0JNcXwxE0Nzq0K0XRm1A6Phb5tDb0Irz0I0\" rel=\"noopener noreferrer\" target=\"_blank\" data-saferedirecturl=\"https:\/\/www.google.com\/url?q=http:\/\/eye.news-bellefaye.com\/c?p%3DwATNAQ3DxBAwfkjQsCAcSnDQpNC94egi69CB0MDEENDc0LBYO9CmTkbQldCqDtCIbFMyb0PZdmh0dHBzOi8vd3d3LmxhdHJpYnVuZS5mci9vcGluaW9ucy90cmlidW5lcy9sYS1zb3V2ZXJhaW5ldGUtbnVtZXJpcXVlLXVuZS1xdWVzdGlvbi1kZS1zdXJ2aWUtcG91ci1sZXMtdGVycml0b2lyZXMtODQ5OTe4NWVmNWE1YWViOTVjZWU1ZGIxODkzZDZlxBAD9PJgadDFQC7QktCVfPzQttCaQzO2ZXllLm5ld3MtYmVsbGVmYXllLmNvbcQU0JNcXwxE0Nzq0K0XRm1A6Phb5tDb0Irz0I0&amp;source=gmail&amp;ust=1594039548478000&amp;usg=AFQjCNE1UmjKeJirCvmPJGj_UzWNKehKYA\">Souverainet\u00e9 num\u00e9rique<\/a><\/strong><\/span><br \/><span style=\"text-decoration: underline;\"><strong><a title=\"\" href=\"http:\/\/eye.news-bellefaye.com\/c?p=wATNAQ3DxBAwfkjQsCAcSnDQpNC94egi69CB0MDEEOpxXnEt0JtG0I_QuE070Khe0MwDJ9kraHR0cHM6Ly93d3cucmlwZS5uZXQvbWFuYWdlLWlwcy1hbmQtYXNucy9kYrg1ZWY1YTVhZWI5NWNlZTVkYjE4OTNkNmXEEAP08mBp0MVALtCS0JV8_NC20JpDM7ZleWUubmV3cy1iZWxsZWZheWUuY29txBTQk1xfDETQ3OrQrRdGbUDo-Fvm0NvQivPQjQ\" rel=\"noopener noreferrer\" target=\"_blank\" data-saferedirecturl=\"https:\/\/www.google.com\/url?q=http:\/\/eye.news-bellefaye.com\/c?p%3DwATNAQ3DxBAwfkjQsCAcSnDQpNC94egi69CB0MDEEOpxXnEt0JtG0I_QuE070Khe0MwDJ9kraHR0cHM6Ly93d3cucmlwZS5uZXQvbWFuYWdlLWlwcy1hbmQtYXNucy9kYrg1ZWY1YTVhZWI5NWNlZTVkYjE4OTNkNmXEEAP08mBp0MVALtCS0JV8_NC20JpDM7ZleWUubmV3cy1iZWxsZWZheWUuY29txBTQk1xfDETQ3OrQrRdGbUDo-Fvm0NvQivPQjQ&amp;source=gmail&amp;ust=1594039548478000&amp;usg=AFQjCNFzgiTD2J3myQpDf9lLKvEAWOBjmQ\">Ripe<\/a><\/strong><\/span><\/p>\n<p align=\"left\"><span style=\"text-decoration: underline; color: #000000;\"><strong>4. Signal d&rsquo;alarme ?<\/strong><\/span><\/p>\n<p><em><\/em><span>Le spot de pub de la Banque des Territoires, filiale de la Caisse des d\u00e9p\u00f4ts, diffus\u00e9e<br \/>\u00e0 la TV cette semaine.<br \/>La voix Off :<br \/><em>\u00ab\u00a0Cette publicit\u00e9 s&rsquo;adresse aux 35 086 maires de France.<br \/>\u00a0A la Banque des Territoires, plut\u00f4t que d&rsquo;investir dans un tournage, nous pr\u00e9f\u00e9rons nous investir dans vos projets. Conseiller, financer, op\u00e9rer\u2026 L&rsquo;int\u00e9r\u00eat g\u00e9n\u00e9ral a choisi sa banque. Rendez-vous sur banque des\u00a0<a href=\"http:\/\/territoires.fr\/\" target=\"_blank\" data-saferedirecturl=\"https:\/\/www.google.com\/url?q=http:\/\/territoires.fr&amp;source=gmail&amp;ust=1594039548478000&amp;usg=AFQjCNGW6biqdewQjv4hBlYorT2K7cOggQ\" rel=\"noopener noreferrer\">territoires.fr<\/a>\u00ab\u00a0.<\/em><\/span><\/p>\n<p><strong><em><\/em>Deux remarques :<br \/>&#8211; Ce n&rsquo;est pas un effet Covid-19,\u00a0cette pub a \u00e9t\u00e9 d\u00e9j\u00e0 diffus\u00e9e en mars dernier.<br \/>&#8211; Est-ce un dommage collat\u00e9ral\u00a0des tournages \u00ab\u00a0financ\u00e9s\u00a0\u00bb par trois, voire quatre r\u00e9gions,<br \/>qui avait fait se hausser des sourcils \u00e0 Paris ?<\/strong><\/p>\n<p><strong> <\/strong><\/p>\n<p><strong><span style=\"text-decoration: underline;\"><a title=\"\" href=\"http:\/\/eye.news-bellefaye.com\/c?p=wATNAQ3DxBAwfkjQsCAcSnDQpNC94egi69CB0MDEENCK0Iof0IDQutCFSm_QhdDV6uEfdWvQ2NkraHR0cHM6Ly93d3cueW91dHViZS5jb20vd2F0Y2g_dj1PUE44Wmx3WmN1Wbg1ZWY1YTVhZWI5NWNlZTVkYjE4OTNkNmXEEAP08mBp0MVALtCS0JV8_NC20JpDM7ZleWUubmV3cy1iZWxsZWZheWUuY29txBTQk1xfDETQ3OrQrRdGbUDo-Fvm0NvQivPQjQ\" rel=\"noopener noreferrer\" target=\"_blank\" data-saferedirecturl=\"https:\/\/www.google.com\/url?q=http:\/\/eye.news-bellefaye.com\/c?p%3DwATNAQ3DxBAwfkjQsCAcSnDQpNC94egi69CB0MDEENCK0Iof0IDQutCFSm_QhdDV6uEfdWvQ2NkraHR0cHM6Ly93d3cueW91dHViZS5jb20vd2F0Y2g_dj1PUE44Wmx3WmN1Wbg1ZWY1YTVhZWI5NWNlZTVkYjE4OTNkNmXEEAP08mBp0MVALtCS0JV8_NC20JpDM7ZleWUubmV3cy1iZWxsZWZheWUuY29txBTQk1xfDETQ3OrQrRdGbUDo-Fvm0NvQivPQjQ&amp;source=gmail&amp;ust=1594039548478000&amp;usg=AFQjCNHjAISUCscTMDRj8KJ8xv_SyRUnGQ\"><em>Voir<\/em><\/a><\/span><br \/><span style=\"text-decoration: underline;\"><a title=\"\" href=\"http:\/\/eye.news-bellefaye.com\/c?p=wATNAQ3DxBAwfkjQsCAcSnDQpNC94egi69CB0MDEENCP0KAU0LXQgtCyTC7QndCw0LrQsE3QsH5R2SRodHRwczovL3d3dy5iYW5xdWVkZXN0ZXJyaXRvaXJlcy5mci-4NWVmNWE1YWViOTVjZWU1ZGIxODkzZDZlxBAD9PJgadDFQC7QktCVfPzQttCaQzO2ZXllLm5ld3MtYmVsbGVmYXllLmNvbcQU0JNcXwxE0Nzq0K0XRm1A6Phb5tDb0Irz0I0\" rel=\"noopener noreferrer\" target=\"_blank\" data-saferedirecturl=\"https:\/\/www.google.com\/url?q=http:\/\/eye.news-bellefaye.com\/c?p%3DwATNAQ3DxBAwfkjQsCAcSnDQpNC94egi69CB0MDEENCP0KAU0LXQgtCyTC7QndCw0LrQsE3QsH5R2SRodHRwczovL3d3dy5iYW5xdWVkZXN0ZXJyaXRvaXJlcy5mci-4NWVmNWE1YWViOTVjZWU1ZGIxODkzZDZlxBAD9PJgadDFQC7QktCVfPzQttCaQzO2ZXllLm5ld3MtYmVsbGVmYXllLmNvbcQU0JNcXwxE0Nzq0K0XRm1A6Phb5tDb0Irz0I0&amp;source=gmail&amp;ust=1594039548478000&amp;usg=AFQjCNFHwYP0ZrGN3W_dXLFpxg70byBGZQ\"><em>La Banque des Territoires<\/em><\/a><\/span><\/strong><\/p>\n<p align=\"left\"><span style=\"text-decoration: underline; color: #000000;\"><strong>5.\u00a0Festival de Locarno, en tenue l\u00e9opard<\/strong><\/span><br \/>Du 5 au 15 ao\u00fbt. La s\u00e9lection\u00a0pour les\u00a0Pardi 2020 est en ligne.<br \/>20 s\u00e9lectionn\u00e9s sur 541 candidats de 101 pays.<\/p>\n<p><strong> <\/strong><\/p>\n<p><span style=\"text-decoration: underline;\"><strong><a title=\"\" href=\"http:\/\/eye.news-bellefaye.com\/c?p=wATNAQ3DxBAwfkjQsCAcSnDQpNC94egi69CB0MDEEAd0JljQ1NDeS9DS0Jh00LJ60JLl0KnQsdlxaHR0cHM6Ly93d3cubG9jYXJub2Zlc3RpdmFsLmNoL3BhcmRvL3BhcmRvLWxpdmUvdG9kYXktYXQtZmVzdGl2YWwvMjAyMC8wNi9UaGVfRmlsbXNfQWZ0ZXJfVG9tb3Jyb3dfc2VsZWN0aW9uLmh0bWy4NWVmNWE1YWViOTVjZWU1ZGIxODkzZDZlxBAD9PJgadDFQC7QktCVfPzQttCaQzO2ZXllLm5ld3MtYmVsbGVmYXllLmNvbcQU0JNcXwxE0Nzq0K0XRm1A6Phb5tDb0Irz0I0\" rel=\"noopener noreferrer\" target=\"_blank\" data-saferedirecturl=\"https:\/\/www.google.com\/url?q=http:\/\/eye.news-bellefaye.com\/c?p%3DwATNAQ3DxBAwfkjQsCAcSnDQpNC94egi69CB0MDEEAd0JljQ1NDeS9DS0Jh00LJ60JLl0KnQsdlxaHR0cHM6Ly93d3cubG9jYXJub2Zlc3RpdmFsLmNoL3BhcmRvL3BhcmRvLWxpdmUvdG9kYXktYXQtZmVzdGl2YWwvMjAyMC8wNi9UaGVfRmlsbXNfQWZ0ZXJfVG9tb3Jyb3dfc2VsZWN0aW9uLmh0bWy4NWVmNWE1YWViOTVjZWU1ZGIxODkzZDZlxBAD9PJgadDFQC7QktCVfPzQttCaQzO2ZXllLm5ld3MtYmVsbGVmYXllLmNvbcQU0JNcXwxE0Nzq0K0XRm1A6Phb5tDb0Irz0I0&amp;source=gmail&amp;ust=1594039548478000&amp;usg=AFQjCNHrNZXeEiXOXF55hISNzM6uDWenyw\">Voir<\/a><\/strong><\/span><\/p>\n<p align=\"left\"><span style=\"text-decoration: underline;\"><span style=\"color: #000000; text-decoration: underline;\"><strong>6. Un \u00e9t\u00e9 GREC<\/strong><\/span><\/span><\/p>\n<p align=\"left\"><strong>Pour f\u00eater la r\u00e9ouverture des salles :<\/strong><span>\u00a0<\/span>quatre films soutenus par le GREC, Groupe de recherches et d&rsquo;essais cin\u00e9matographiques, au Nouvel Od\u00e9on, mardi Mardi 7 juillet \u00e0 20h30 :<br \/>&#8211; Romaine un jour o\u00f9 \u00e7a va pas, d&rsquo;Agn\u00e8s Obadia.<br \/>&#8211; Rock Against Police, de Nabil Djedouani.<br \/>&#8211; Les vacances, c&rsquo;est la libert\u00e9, de Yuna Alonzo.<br \/>&#8211; Nous ne sommes pas encore morts, de Joanne Rakotoarisoa.<br \/>En pr\u00e9sence de r\u00e9alisateurs et de l&rsquo;\u00e9quipe du Grec, 6 rue de l&rsquo;Ecole de m\u00e9decine 75006.\u00a0 3\u20ac (jauge limit\u00e9e suivant les normes sanitaires en vigueur).<br \/><span style=\"text-decoration: underline;\"><strong><a title=\"\" href=\"http:\/\/eye.news-bellefaye.com\/c?p=wATNAQ3DxBAwfkjQsCAcSnDQpNC94egi69CB0MDEEADw0LbQmNDc0JRER9CaA9DCIDlBNzbZImh0dHA6Ly93d3cuZ3JlYy1pbmZvLmNvbS9pbmRleC5waHC4NWVmNWE1YWViOTVjZWU1ZGIxODkzZDZlxBAD9PJgadDFQC7QktCVfPzQttCaQzO2ZXllLm5ld3MtYmVsbGVmYXllLmNvbcQU0JNcXwxE0Nzq0K0XRm1A6Phb5tDb0Irz0I0\" rel=\"noopener noreferrer\" target=\"_blank\" data-saferedirecturl=\"https:\/\/www.google.com\/url?q=http:\/\/eye.news-bellefaye.com\/c?p%3DwATNAQ3DxBAwfkjQsCAcSnDQpNC94egi69CB0MDEEADw0LbQmNDc0JRER9CaA9DCIDlBNzbZImh0dHA6Ly93d3cuZ3JlYy1pbmZvLmNvbS9pbmRleC5waHC4NWVmNWE1YWViOTVjZWU1ZGIxODkzZDZlxBAD9PJgadDFQC7QktCVfPzQttCaQzO2ZXllLm5ld3MtYmVsbGVmYXllLmNvbcQU0JNcXwxE0Nzq0K0XRm1A6Phb5tDb0Irz0I0&amp;source=gmail&amp;ust=1594039548478000&amp;usg=AFQjCNFFMQv0NV0hwkTsXMz0MkRbpJNKVQ\">Le lien<\/a><\/strong><\/span><\/p>\n<p align=\"left\"><strong><em>7. Cabourg, un festival 2020 pour de vrai<\/em><\/strong><\/p>\n<p align=\"left\"><strong>Public, actrices, acteurs, jurys,<\/strong><span>\u00a0<\/span>projections en salle, Cin\u00e9-plage et ses transats, tapis rouge et palmar\u00e8s,\u00a0la totale, apr\u00e8s une mise en oeuvre secou\u00e9e\u00a0jusqu&rsquo;\u00e0 la derni\u00e8re minute : la r\u00e9glementation sanitaire mouvante, l&rsquo;organisation des projections, etc.<br \/>Un pari pas \u00e9vident, mais gagn\u00e9.<\/p>\n<p><span style=\"text-decoration: underline;\"><strong><a title=\"\" href=\"http:\/\/eye.news-bellefaye.com\/c?p=wATNAQ3DxBAwfkjQsCAcSnDQpNC94egi69CB0MDEENCF8tDB8WjQgkbQydCISjxdZ2Eg0MzZj2h0dHBzOi8vd3d3LmxlcGFyaXNpZW4uZnIvY3VsdHVyZS1sb2lzaXJzL2NpbmVtYS9tYWxncmUtbGUtY29yb25hdmlydXMtY2Fib3VyZy1hLWxhbmNlLXNvbi1mZXN0aXZhbC1kZS1jaW5lbWEtcm9tYW50aXF1ZS0zMC0wNi0yMDIwLTgzNDQ2NDEucGhwuDVlZjVhNWFlYjk1Y2VlNWRiMTg5M2Q2ZcQQA_TyYGnQxUAu0JLQlXz80LbQmkMztmV5ZS5uZXdzLWJlbGxlZmF5ZS5jb23EFNCTXF8MRNDc6tCtF0ZtQOj4W-bQ29CK89CN\" rel=\"noopener noreferrer\" target=\"_blank\" data-saferedirecturl=\"https:\/\/www.google.com\/url?q=http:\/\/eye.news-bellefaye.com\/c?p%3DwATNAQ3DxBAwfkjQsCAcSnDQpNC94egi69CB0MDEENCF8tDB8WjQgkbQydCISjxdZ2Eg0MzZj2h0dHBzOi8vd3d3LmxlcGFyaXNpZW4uZnIvY3VsdHVyZS1sb2lzaXJzL2NpbmVtYS9tYWxncmUtbGUtY29yb25hdmlydXMtY2Fib3VyZy1hLWxhbmNlLXNvbi1mZXN0aXZhbC1kZS1jaW5lbWEtcm9tYW50aXF1ZS0zMC0wNi0yMDIwLTgzNDQ2NDEucGhwuDVlZjVhNWFlYjk1Y2VlNWRiMTg5M2Q2ZcQQA_TyYGnQxUAu0JLQlXz80LbQmkMztmV5ZS5uZXdzLWJlbGxlZmF5ZS5jb23EFNCTXF8MRNDc6tCtF0ZtQOj4W-bQ29CK89CN&amp;source=gmail&amp;ust=1594039548478000&amp;usg=AFQjCNEmzRHc6sQm_r7CkFBVumB0dvPaKg\">Lien<\/a><\/strong><\/span><br \/><span style=\"text-decoration: underline;\"><strong><a title=\"\" href=\"http:\/\/eye.news-bellefaye.com\/c?p=wATNAQ3DxBAwfkjQsCAcSnDQpNC94egi69CB0MDEEA1N0Nb9P2pGBdCu0J5d0JbQqtCIJ2HZYWh0dHBzOi8vaWJwcmVzc2UuY29tL3dwLWNvbnRlbnQvdXBsb2Fkcy8yMDIwLzA2L1BhbG1hcmUlQ0MlODBzLUZlc3RpdmFsLWR1LUZpbG0tQ2Fib3VyZy0yMDIwLS5wZGa4NWVmNWE1YWViOTVjZWU1ZGIxODkzZDZlxBAD9PJgadDFQC7QktCVfPzQttCaQzO2ZXllLm5ld3MtYmVsbGVmYXllLmNvbcQU0JNcXwxE0Nzq0K0XRm1A6Phb5tDb0Irz0I0\" rel=\"noopener noreferrer\" target=\"_blank\" data-saferedirecturl=\"https:\/\/www.google.com\/url?q=http:\/\/eye.news-bellefaye.com\/c?p%3DwATNAQ3DxBAwfkjQsCAcSnDQpNC94egi69CB0MDEEA1N0Nb9P2pGBdCu0J5d0JbQqtCIJ2HZYWh0dHBzOi8vaWJwcmVzc2UuY29tL3dwLWNvbnRlbnQvdXBsb2Fkcy8yMDIwLzA2L1BhbG1hcmUlQ0MlODBzLUZlc3RpdmFsLWR1LUZpbG0tQ2Fib3VyZy0yMDIwLS5wZGa4NWVmNWE1YWViOTVjZWU1ZGIxODkzZDZlxBAD9PJgadDFQC7QktCVfPzQttCaQzO2ZXllLm5ld3MtYmVsbGVmYXllLmNvbcQU0JNcXwxE0Nzq0K0XRm1A6Phb5tDb0Irz0I0&amp;source=gmail&amp;ust=1594039548478000&amp;usg=AFQjCNEF5gDRU6l_hOlfFzEzC64arlLEqA\">Le palmar\u00e8s<\/a><\/strong><\/span><\/p>\n<p align=\"left\"><span style=\"text-decoration: underline; color: #000000;\"><strong>8. Zurich coupe le son<\/strong><\/span><\/p>\n<p align=\"left\"><strong>Le programme du 16e<\/strong>\u00a0Festival du film de Zurich sera annonc\u00e9 \u00e0 la mi-septembre.<br \/>Le festival, c&rsquo;est du 24 septembre au 4 octobre.<br \/>La 9e Comp\u00e9tition internationale de musique de films, organis\u00e9e par le festival et l\u2019orchestre de la Tonhalle est report\u00e9e \u00e0 2021.\u00a0<\/p>\n<p align=\"left\">Un rappel : en Suisse les cin\u00e9mas sont ouverts, mais les spectateurs sont tenus de fournir leur identit\u00e9, adresse, tel,\u00a0pour \u00eatre joignables en cas de suspicion de contagion.<br \/>En France, c&rsquo;est l&rsquo;\u00e9meute assur\u00e9e !<\/p>\n<p><strong><span style=\"text-decoration: underline;\"><a title=\"\" href=\"http:\/\/eye.news-bellefaye.com\/c?p=wATNAQ3DxBAwfkjQsCAcSnDQpNC94egi69CB0MDEEEsEAQjQotC5SPrQj9C5edCIA9CfXdC9uGh0dHBzOi8vemZmLmNvbS9mci9ob21lL7g1ZWY1YTVhZWI5NWNlZTVkYjE4OTNkNmXEEAP08mBp0MVALtCS0JV8_NC20JpDM7ZleWUubmV3cy1iZWxsZWZheWUuY29txBTQk1xfDETQ3OrQrRdGbUDo-Fvm0NvQivPQjQ\" rel=\"noopener noreferrer\" target=\"_blank\" data-saferedirecturl=\"https:\/\/www.google.com\/url?q=http:\/\/eye.news-bellefaye.com\/c?p%3DwATNAQ3DxBAwfkjQsCAcSnDQpNC94egi69CB0MDEEEsEAQjQotC5SPrQj9C5edCIA9CfXdC9uGh0dHBzOi8vemZmLmNvbS9mci9ob21lL7g1ZWY1YTVhZWI5NWNlZTVkYjE4OTNkNmXEEAP08mBp0MVALtCS0JV8_NC20JpDM7ZleWUubmV3cy1iZWxsZWZheWUuY29txBTQk1xfDETQ3OrQrRdGbUDo-Fvm0NvQivPQjQ&amp;source=gmail&amp;ust=1594039548478000&amp;usg=AFQjCNGfcayATHJmL2wl0Dzice-1s7UX5Q\">Le festival de film de Zurich<\/a><\/span><\/strong><br \/><strong><span style=\"text-decoration: underline;\"><a title=\"\" href=\"http:\/\/eye.news-bellefaye.com\/c?p=wATNAQ3DxBAwfkjQsCAcSnDQpNC94egi69CB0MDEENCA0I13J9CUJUUr0Iw6QQfQx-fq0NfZJ2h0dHBzOi8vd3d3LmZpbG1tdXNpY2NvbXBldGl0aW9uLmNoL2VuL7g1ZWY1YTVhZWI5NWNlZTVkYjE4OTNkNmXEEAP08mBp0MVALtCS0JV8_NC20JpDM7ZleWUubmV3cy1iZWxsZWZheWUuY29txBTQk1xfDETQ3OrQrRdGbUDo-Fvm0NvQivPQjQ\" rel=\"noopener noreferrer\" target=\"_blank\" data-saferedirecturl=\"https:\/\/www.google.com\/url?q=http:\/\/eye.news-bellefaye.com\/c?p%3DwATNAQ3DxBAwfkjQsCAcSnDQpNC94egi69CB0MDEENCA0I13J9CUJUUr0Iw6QQfQx-fq0NfZJ2h0dHBzOi8vd3d3LmZpbG1tdXNpY2NvbXBldGl0aW9uLmNoL2VuL7g1ZWY1YTVhZWI5NWNlZTVkYjE4OTNkNmXEEAP08mBp0MVALtCS0JV8_NC20JpDM7ZleWUubmV3cy1iZWxsZWZheWUuY29txBTQk1xfDETQ3OrQrRdGbUDo-Fvm0NvQivPQjQ&amp;source=gmail&amp;ust=1594039548478000&amp;usg=AFQjCNFklFdQXppljL8_W9SawBLCp8jfdg\">La comp\u00e9tition musicale<\/a><\/span><\/strong><\/p>\n<p align=\"left\"><span style=\"text-decoration: underline; color: #000000;\"><strong>9.\u00a0Sarajevo, my love<\/strong><\/span><\/p>\n<p align=\"left\"><strong>26e Festival du Film de Sarajevo,<\/strong><span>\u00a0<\/span>du 14 au 21 ao\u00fbt 2020.\u00a0Michel Hazanavicius, pr\u00e9sident du jury du programme de la comp\u00e9tition long m\u00e9trage.<\/p>\n<p><strong><span style=\"text-decoration: underline;\"><a title=\"\" href=\"http:\/\/eye.news-bellefaye.com\/c?p=wATNAQ3DxBAwfkjQsCAcSnDQpNC94egi69CB0MDEEFQl0NHQk3heR9Da0KDQgdDJ5mUb0IrQ17NodHRwczovL3d3dy5zZmYuYmEvuDVlZjVhNWFlYjk1Y2VlNWRiMTg5M2Q2ZcQQA_TyYGnQxUAu0JLQlXz80LbQmkMztmV5ZS5uZXdzLWJlbGxlZmF5ZS5jb23EFNCTXF8MRNDc6tCtF0ZtQOj4W-bQ29CK89CN\" rel=\"noopener noreferrer\" target=\"_blank\" data-saferedirecturl=\"https:\/\/www.google.com\/url?q=http:\/\/eye.news-bellefaye.com\/c?p%3DwATNAQ3DxBAwfkjQsCAcSnDQpNC94egi69CB0MDEEFQl0NHQk3heR9Da0KDQgdDJ5mUb0IrQ17NodHRwczovL3d3dy5zZmYuYmEvuDVlZjVhNWFlYjk1Y2VlNWRiMTg5M2Q2ZcQQA_TyYGnQxUAu0JLQlXz80LbQmkMztmV5ZS5uZXdzLWJlbGxlZmF5ZS5jb23EFNCTXF8MRNDc6tCtF0ZtQOj4W-bQ29CK89CN&amp;source=gmail&amp;ust=1594039548479000&amp;usg=AFQjCNEYdjh_Suo-IG7O40yHIMt6n3JbgQ\">Voir<\/a><\/span><\/strong><\/p>\n<p align=\"left\"><span style=\"text-decoration: underline; color: #000000;\"><strong>10. Au revoir et merci<\/strong><\/span><\/p>\n<p align=\"left\"><strong>#\u00e0lamaison, la cha\u00eene gratuite<\/strong><span>\u00a0<\/span>initi\u00e9e par Mediawan, pour accompagner les confin\u00e9(es), fermera le 8 juillet. Cr\u00e9\u00e9e en quarante-huit heures,\u00a0puis lanc\u00e9e le 5 avril , diffusion de 7h<br \/>\u00e0 minuit des programmes offerts par TF1, France T\u00e9l\u00e9visions, M 6 et Canal + .<\/p>\n<p><strong><span style=\"text-decoration: underline;\"><a title=\"\" href=\"http:\/\/eye.news-bellefaye.com\/c?p=wATNAQ3DxBAwfkjQsCAcSnDQpNC94egi69CB0MDEECDnSQc4WkMy0JZR0IYu0NhEFVvZeGh0dHBzOi8vd3d3LmxldGVsZWdyYW1tZS5mci9mcmFuY2UvYWxhbWFpc29uLXVuZS1ub3V2ZWxsZS1jaGFpbmUtdHYtZ3JhdHVpdGUtcG91ci1sZS1jb25maW5lbWVudC0wNi0wNC0yMDIwLTEyNTM1OTUwLnBocLg1ZWY1YTVhZWI5NWNlZTVkYjE4OTNkNmXEEAP08mBp0MVALtCS0JV8_NC20JpDM7ZleWUubmV3cy1iZWxsZWZheWUuY29txBTQk1xfDETQ3OrQrRdGbUDo-Fvm0NvQivPQjQ\" rel=\"noopener noreferrer\" target=\"_blank\" data-saferedirecturl=\"https:\/\/www.google.com\/url?q=http:\/\/eye.news-bellefaye.com\/c?p%3DwATNAQ3DxBAwfkjQsCAcSnDQpNC94egi69CB0MDEECDnSQc4WkMy0JZR0IYu0NhEFVvZeGh0dHBzOi8vd3d3LmxldGVsZWdyYW1tZS5mci9mcmFuY2UvYWxhbWFpc29uLXVuZS1ub3V2ZWxsZS1jaGFpbmUtdHYtZ3JhdHVpdGUtcG91ci1sZS1jb25maW5lbWVudC0wNi0wNC0yMDIwLTEyNTM1OTUwLnBocLg1ZWY1YTVhZWI5NWNlZTVkYjE4OTNkNmXEEAP08mBp0MVALtCS0JV8_NC20JpDM7ZleWUubmV3cy1iZWxsZWZheWUuY29txBTQk1xfDETQ3OrQrRdGbUDo-Fvm0NvQivPQjQ&amp;source=gmail&amp;ust=1594039548479000&amp;usg=AFQjCNEtUUpQ_VDJn_RjXdXRKkN36XpP5g\">Plus<\/a><\/span><\/strong><\/p>\n<p align=\"left\"><span style=\"text-decoration: underline; color: #000000;\"><strong>11.\u00a0Chine, loin de Hong Kong<\/strong><\/span><\/p>\n<p align=\"left\"><strong>En Chine, les cin\u00e9mas<\/strong><span>\u00a0<\/span>sont toujours ferm\u00e9s, malgr\u00e9 une br\u00e8ve parenth\u00e8se, depuis<br \/>le 23 janvier. \u00ab\u00a0Les tournages ont repris avec plus d&rsquo;une centaine d&rsquo;\u00e9quipes, surtout<br \/>\u00e0 Hengdian, qui a toujours \u00e9t\u00e9, plus ou moins, le barom\u00e8tre de l\u2019industrie cin\u00e9matographique chinoise. On attend Mulan (Disney) le 19 ao\u00fbt, en France,<br \/>avant les USA,programm\u00e9s.<br \/>le 21 ao\u00fbt.<\/p>\n<p align=\"left\"><a title=\"\" href=\"http:\/\/eye.news-bellefaye.com\/c?p=wATNAQ3DxBAwfkjQsCAcSnDQpNC94egi69CB0MDEEC46I_t30JxP5tCEPQdNX9Cb0LvQmdkraHR0cHM6Ly93d3cueW91dHViZS5jb20vd2F0Y2g_dj0yTTktUUFBNTdFZ7g1ZWY1YTVhZWI5NWNlZTVkYjE4OTNkNmXEEAP08mBp0MVALtCS0JV8_NC20JpDM7ZleWUubmV3cy1iZWxsZWZheWUuY29txBTQk1xfDETQ3OrQrRdGbUDo-Fvm0NvQivPQjQ\" rel=\"noopener noreferrer\" target=\"_blank\" data-saferedirecturl=\"https:\/\/www.google.com\/url?q=http:\/\/eye.news-bellefaye.com\/c?p%3DwATNAQ3DxBAwfkjQsCAcSnDQpNC94egi69CB0MDEEC46I_t30JxP5tCEPQdNX9Cb0LvQmdkraHR0cHM6Ly93d3cueW91dHViZS5jb20vd2F0Y2g_dj0yTTktUUFBNTdFZ7g1ZWY1YTVhZWI5NWNlZTVkYjE4OTNkNmXEEAP08mBp0MVALtCS0JV8_NC20JpDM7ZleWUubmV3cy1iZWxsZWZheWUuY29txBTQk1xfDETQ3OrQrRdGbUDo-Fvm0NvQivPQjQ&amp;source=gmail&amp;ust=1594039548479000&amp;usg=AFQjCNFaIsvKdGmfCjWhQN_oNNyXIJOyIw\">Hengdian World Studios<\/a><\/p>\n<p align=\"left\"><span style=\"text-decoration: underline; color: #000000;\"><strong>Sorties Films\u00a0Paris du 1er au 8 juillet<\/strong><\/span><\/p>\n<p>France\/Coproductions\/Docs<\/p>\n<p><strong>Total en salles depuis le 1er janvier 2019 :<br \/>107 films France, 48 coprods, 63 docs<\/strong><\/p>\n<p><span><strong>&gt; France<\/strong><\/span><\/p>\n<p align=\"left\"><a title=\"\" href=\"http:\/\/eye.news-bellefaye.com\/c?p=wATNAQ3DxBAwfkjQsCAcSnDQpNC94egi69CB0MDEENDW_krj0J7QhE3QtNC20K7Qtn1T8XQ22StodHRwczovL3d3dy55b3V0dWJlLmNvbS93YXRjaD92PUZfNkZQcUt5UFdVuDVlZjVhNWFlYjk1Y2VlNWRiMTg5M2Q2ZcQQA_TyYGnQxUAu0JLQlXz80LbQmkMztmV5ZS5uZXdzLWJlbGxlZmF5ZS5jb23EFNCTXF8MRNDc6tCtF0ZtQOj4W-bQ29CK89CN\" rel=\"noopener noreferrer\" target=\"_blank\" data-saferedirecturl=\"https:\/\/www.google.com\/url?q=http:\/\/eye.news-bellefaye.com\/c?p%3DwATNAQ3DxBAwfkjQsCAcSnDQpNC94egi69CB0MDEENDW_krj0J7QhE3QtNC20K7Qtn1T8XQ22StodHRwczovL3d3dy55b3V0dWJlLmNvbS93YXRjaD92PUZfNkZQcUt5UFdVuDVlZjVhNWFlYjk1Y2VlNWRiMTg5M2Q2ZcQQA_TyYGnQxUAu0JLQlXz80LbQmkMztmV5ZS5uZXdzLWJlbGxlZmF5ZS5jb23EFNCTXF8MRNDc6tCtF0ZtQOj4W-bQ29CK89CN&amp;source=gmail&amp;ust=1594039548479000&amp;usg=AFQjCNFNRWBoasfybBxHgJn2DbJt_78TPA\">Les parfums<\/a><span>\u00a0<\/span>de Gr\u00e9gory Magne France 2019, production : Les Films Velvet.<br \/><span>15\u202f445 \/\u00a016\u202f428 vues\u00a0\u00a0\u00a0\u00a0\u00a0 mardi\u00a0\/ mercredi 20H<\/span><\/p>\n<p align=\"left\"><strong><span>&gt; Coprod<\/span><\/strong><\/p>\n<p align=\"left\"><a title=\"\" href=\"http:\/\/eye.news-bellefaye.com\/c?p=wATNAQ3DxBAwfkjQsCAcSnDQpNC94egi69CB0MDEEFvQvgpj99CYStCn0IbQh_Ao0MsXTdCW2TFodHRwczovL3d3dy55b3V0dWJlLmNvbS93YXRjaD92PVoweG1LRnZDNzBnJnQ9NTJzuDVlZjVhNWFlYjk1Y2VlNWRiMTg5M2Q2ZcQQA_TyYGnQxUAu0JLQlXz80LbQmkMztmV5ZS5uZXdzLWJlbGxlZmF5ZS5jb23EFNCTXF8MRNDc6tCtF0ZtQOj4W-bQ29CK89CN\" rel=\"noopener noreferrer\" target=\"_blank\" data-saferedirecturl=\"https:\/\/www.google.com\/url?q=http:\/\/eye.news-bellefaye.com\/c?p%3DwATNAQ3DxBAwfkjQsCAcSnDQpNC94egi69CB0MDEEFvQvgpj99CYStCn0IbQh_Ao0MsXTdCW2TFodHRwczovL3d3dy55b3V0dWJlLmNvbS93YXRjaD92PVoweG1LRnZDNzBnJnQ9NTJzuDVlZjVhNWFlYjk1Y2VlNWRiMTg5M2Q2ZcQQA_TyYGnQxUAu0JLQlXz80LbQmkMztmV5ZS5uZXdzLWJlbGxlZmF5ZS5jb23EFNCTXF8MRNDc6tCtF0ZtQOj4W-bQ29CK89CN&amp;source=gmail&amp;ust=1594039548479000&amp;usg=AFQjCNGxQdNR4MAqt135O2P5mYkkVIzCRw\">Jumbo<\/a><span>\u00a0<\/span>de Zo\u00e9 Wittock, France, Luxembourg, Belgique, 2019, Insolence Productions.<br \/>41\u202f609 \/42\u202f540 vues\u00a0\u00a0\u00a0\u00a0\u00a0 mardi \/ mercredi 20H<\/p>\n<p align=\"left\"><span style=\"text-decoration: underline;\"><strong>Palmar\u00e8s<\/strong><\/span><\/p>\n<p><strong><em> <\/em><\/strong><\/p>\n<p><strong><em>France<br \/><\/em><\/strong><a title=\"\" href=\"http:\/\/eye.news-bellefaye.com\/c?p=wATNAQ3DxBAwfkjQsCAcSnDQpNC94egi69CB0MDEEEXz6F7QhBxG6dC2DRhw0N7QyCBTt2h0dHBzOi8vd3d3LmFubmVjeS5vcmcvuDVlZjVhNWFlYjk1Y2VlNWRiMTg5M2Q2ZcQQA_TyYGnQxUAu0JLQlXz80LbQmkMztmV5ZS5uZXdzLWJlbGxlZmF5ZS5jb23EFNCTXF8MRNDc6tCtF0ZtQOj4W-bQ29CK89CN\" rel=\"noopener noreferrer\" target=\"_blank\" data-saferedirecturl=\"https:\/\/www.google.com\/url?q=http:\/\/eye.news-bellefaye.com\/c?p%3DwATNAQ3DxBAwfkjQsCAcSnDQpNC94egi69CB0MDEEEXz6F7QhBxG6dC2DRhw0N7QyCBTt2h0dHBzOi8vd3d3LmFubmVjeS5vcmcvuDVlZjVhNWFlYjk1Y2VlNWRiMTg5M2Q2ZcQQA_TyYGnQxUAu0JLQlXz80LbQmkMztmV5ZS5uZXdzLWJlbGxlZmF5ZS5jb23EFNCTXF8MRNDc6tCtF0ZtQOj4W-bQ29CK89CN&amp;source=gmail&amp;ust=1594039548479000&amp;usg=AFQjCNGxQfT5ZJFUBd4WTDpLNSufKGQSUQ\"><strong><em>Festival du film d&rsquo;animation d&rsquo;Annecy 15-30 juin<\/em><\/strong><\/a><strong><em>\u00a0Virtuel<br \/><\/em><\/strong><a title=\"\" href=\"http:\/\/eye.news-bellefaye.com\/c?p=wATNAQ3DxBAwfkjQsCAcSnDQpNC94egi69CB0MDEENCJQ2LQlNCl_UXQ3tCt0L440IzQsNCpYwjZM2h0dHBzOi8vd3d3LnN1bm55c2lkZW9mdGhlZG9jLmNvbS9mci9wYWxtYXJlcy0yMDIwL7g1ZWY1YTVhZWI5NWNlZTVkYjE4OTNkNmXEEAP08mBp0MVALtCS0JV8_NC20JpDM7ZleWUubmV3cy1iZWxsZWZheWUuY29txBTQk1xfDETQ3OrQrRdGbUDo-Fvm0NvQivPQjQ\" rel=\"noopener noreferrer\" target=\"_blank\" data-saferedirecturl=\"https:\/\/www.google.com\/url?q=http:\/\/eye.news-bellefaye.com\/c?p%3DwATNAQ3DxBAwfkjQsCAcSnDQpNC94egi69CB0MDEENCJQ2LQlNCl_UXQ3tCt0L440IzQsNCpYwjZM2h0dHBzOi8vd3d3LnN1bm55c2lkZW9mdGhlZG9jLmNvbS9mci9wYWxtYXJlcy0yMDIwL7g1ZWY1YTVhZWI5NWNlZTVkYjE4OTNkNmXEEAP08mBp0MVALtCS0JV8_NC20JpDM7ZleWUubmV3cy1iZWxsZWZheWUuY29txBTQk1xfDETQ3OrQrRdGbUDo-Fvm0NvQivPQjQ&amp;source=gmail&amp;ust=1594039548479000&amp;usg=AFQjCNF55fRQZYylTVpfufYzdIa1D11qCQ\"><strong><em>Sunny Side of the Doc La Rochelle 22-25 juin<\/em><\/strong><\/a>\u00a0<strong><em>Virtuel<br \/><\/em><\/strong><a title=\"https:\/\/www.festival-cabourg.com\/\" href=\"http:\/\/eye.news-bellefaye.com\/c?p=wATNAQ3DxBAwfkjQsCAcSnDQpNC94egi69CB0MDEEB4HG0BC7kw-0I5H0LHn5dCSTtCJ2WFodHRwczovL2licHJlc3NlLmNvbS93cC1jb250ZW50L3VwbG9hZHMvMjAyMC8wNi9QYWxtYXJlJUNDJTgwcy1GZXN0aXZhbC1kdS1GaWxtLUNhYm91cmctMjAyMC0ucGRmuDVlZjVhNWFlYjk1Y2VlNWRiMTg5M2Q2ZcQQA_TyYGnQxUAu0JLQlXz80LbQmkMztmV5ZS5uZXdzLWJlbGxlZmF5ZS5jb23EFNCTXF8MRNDc6tCtF0ZtQOj4W-bQ29CK89CN\" rel=\"noopener noreferrer\" target=\"_blank\" data-saferedirecturl=\"https:\/\/www.google.com\/url?q=http:\/\/eye.news-bellefaye.com\/c?p%3DwATNAQ3DxBAwfkjQsCAcSnDQpNC94egi69CB0MDEEB4HG0BC7kw-0I5H0LHn5dCSTtCJ2WFodHRwczovL2licHJlc3NlLmNvbS93cC1jb250ZW50L3VwbG9hZHMvMjAyMC8wNi9QYWxtYXJlJUNDJTgwcy1GZXN0aXZhbC1kdS1GaWxtLUNhYm91cmctMjAyMC0ucGRmuDVlZjVhNWFlYjk1Y2VlNWRiMTg5M2Q2ZcQQA_TyYGnQxUAu0JLQlXz80LbQmkMztmV5ZS5uZXdzLWJlbGxlZmF5ZS5jb23EFNCTXF8MRNDc6tCtF0ZtQOj4W-bQ29CK89CN&amp;source=gmail&amp;ust=1594039548479000&amp;usg=AFQjCNGqY7ZtBdG9HYr24X9cwv9D21J72A\"><strong><em>Festival de Cabourg 29 juin-1er juillet<\/em><\/strong><\/a><\/p>\n<p><strong><em>Monde<br \/><\/em><\/strong><a title=\"\" href=\"http:\/\/eye.news-bellefaye.com\/c?p=wATNAQ3DxBAwfkjQsCAcSnDQpNC94egi69CB0MDEENCXC-3QudC86UL_0KvQxR7w4tCR0IQ52SNodHRwczovL3d3dy5zZmYub3JnLmF1L2luZm8vYXdhcmRzL7g1ZWY1YTVhZWI5NWNlZTVkYjE4OTNkNmXEEAP08mBp0MVALtCS0JV8_NC20JpDM7ZleWUubmV3cy1iZWxsZWZheWUuY29txBTQk1xfDETQ3OrQrRdGbUDo-Fvm0NvQivPQjQ\" rel=\"noopener noreferrer\" target=\"_blank\" data-saferedirecturl=\"https:\/\/www.google.com\/url?q=http:\/\/eye.news-bellefaye.com\/c?p%3DwATNAQ3DxBAwfkjQsCAcSnDQpNC94egi69CB0MDEENCXC-3QudC86UL_0KvQxR7w4tCR0IQ52SNodHRwczovL3d3dy5zZmYub3JnLmF1L2luZm8vYXdhcmRzL7g1ZWY1YTVhZWI5NWNlZTVkYjE4OTNkNmXEEAP08mBp0MVALtCS0JV8_NC20JpDM7ZleWUubmV3cy1iZWxsZWZheWUuY29txBTQk1xfDETQ3OrQrRdGbUDo-Fvm0NvQivPQjQ&amp;source=gmail&amp;ust=1594039548479000&amp;usg=AFQjCNEcgpkZqcpMjh7g48xoQnKgijpq_Q\"><strong><em>Festival de film Sydney 10-21 juin\u00a0<\/em><\/strong><\/a><strong><em>Virtuel<br \/><\/em><\/strong><a title=\"\" href=\"http:\/\/eye.news-bellefaye.com\/c?p=wATNAQ3DxBAwfkjQsCAcSnDQpNC94egi69CB0MDEED9uRP57bEDQodC3GNCCWdDQFmH92TlodHRwczovL3d3dy5wc2ZpbG1mZXN0Lm9yZy8yMDIwLXNob3J0ZmVzdC9hd2FyZHMtYW5kLWp1cnm4NWVmNWE1YWViOTVjZWU1ZGIxODkzZDZlxBAD9PJgadDFQC7QktCVfPzQttCaQzO2ZXllLm5ld3MtYmVsbGVmYXllLmNvbcQU0JNcXwxE0Nzq0K0XRm1A6Phb5tDb0Irz0I0\" rel=\"noopener noreferrer\" target=\"_blank\" data-saferedirecturl=\"https:\/\/www.google.com\/url?q=http:\/\/eye.news-bellefaye.com\/c?p%3DwATNAQ3DxBAwfkjQsCAcSnDQpNC94egi69CB0MDEED9uRP57bEDQodC3GNCCWdDQFmH92TlodHRwczovL3d3dy5wc2ZpbG1mZXN0Lm9yZy8yMDIwLXNob3J0ZmVzdC9hd2FyZHMtYW5kLWp1cnm4NWVmNWE1YWViOTVjZWU1ZGIxODkzZDZlxBAD9PJgadDFQC7QktCVfPzQttCaQzO2ZXllLm5ld3MtYmVsbGVmYXllLmNvbcQU0JNcXwxE0Nzq0K0XRm1A6Phb5tDb0Irz0I0&amp;source=gmail&amp;ust=1594039548479000&amp;usg=AFQjCNG3mdP8YVP_4oW-jlVR690LCVzJTw\"><strong><em>Shortfest festival Palm Spring 16-22 juin\u00a0<\/em><\/strong><\/a><strong><em>Virtuel<\/em><\/strong><\/p>\n<p align=\"left\"><span><strong><em>&gt;\u00a0Festivals<br \/>Pour le mois d&rsquo;ao\u00fbt, on aura un point fiable en d\u00e9but de semaine,<br \/>avec les reports valid\u00e9s des festivals de mai et juin.\u00a0<\/em><\/strong><\/span><\/p>\n<p>France<br \/><a title=\"\" href=\"http:\/\/eye.news-bellefaye.com\/c?p=wATNAQ3DxBAwfkjQsCAcSnDQpNC94egi69CB0MDEEHTm0KlrTdDHRD3Qu9DVelTiHiLQkrpodHRwOi8vd3d3LnNlcmllc2VyaWVzLmZyL7g1ZWY1YTVhZWI5NWNlZTVkYjE4OTNkNmXEEAP08mBp0MVALtCS0JV8_NC20JpDM7ZleWUubmV3cy1iZWxsZWZheWUuY29txBTQk1xfDETQ3OrQrRdGbUDo-Fvm0NvQivPQjQ\" rel=\"noopener noreferrer\" target=\"_blank\" data-saferedirecturl=\"https:\/\/www.google.com\/url?q=http:\/\/eye.news-bellefaye.com\/c?p%3DwATNAQ3DxBAwfkjQsCAcSnDQpNC94egi69CB0MDEEHTm0KlrTdDHRD3Qu9DVelTiHiLQkrpodHRwOi8vd3d3LnNlcmllc2VyaWVzLmZyL7g1ZWY1YTVhZWI5NWNlZTVkYjE4OTNkNmXEEAP08mBp0MVALtCS0JV8_NC20JpDM7ZleWUubmV3cy1iZWxsZWZheWUuY29txBTQk1xfDETQ3OrQrRdGbUDo-Fvm0NvQivPQjQ&amp;source=gmail&amp;ust=1594039548479000&amp;usg=AFQjCNGQwaY309VaXED37zhaxchhFnwC4Q\">S\u00e9rie Series Fontainebleau 30 juin-2 juillet<\/a>\u00a0Virtuel<br \/><a title=\"\" href=\"http:\/\/eye.news-bellefaye.com\/c?p=wATNAQ3DxBAwfkjQsCAcSnDQpNC94egi69CB0MDEEG3Q0Gf0fulO8tC10NjQn9DSONDOQeDZIGh0dHBzOi8vZmVzdGl2YWwtbGFyb2NoZWxsZS5vcmcvuDVlZjVhNWFlYjk1Y2VlNWRiMTg5M2Q2ZcQQA_TyYGnQxUAu0JLQlXz80LbQmkMztmV5ZS5uZXdzLWJlbGxlZmF5ZS5jb23EFNCTXF8MRNDc6tCtF0ZtQOj4W-bQ29CK89CN\" rel=\"noopener noreferrer\" target=\"_blank\" data-saferedirecturl=\"https:\/\/www.google.com\/url?q=http:\/\/eye.news-bellefaye.com\/c?p%3DwATNAQ3DxBAwfkjQsCAcSnDQpNC94egi69CB0MDEEG3Q0Gf0fulO8tC10NjQn9DSONDOQeDZIGh0dHBzOi8vZmVzdGl2YWwtbGFyb2NoZWxsZS5vcmcvuDVlZjVhNWFlYjk1Y2VlNWRiMTg5M2Q2ZcQQA_TyYGnQxUAu0JLQlXz80LbQmkMztmV5ZS5uZXdzLWJlbGxlZmF5ZS5jb23EFNCTXF8MRNDc6tCtF0ZtQOj4W-bQ29CK89CN&amp;source=gmail&amp;ust=1594039548479000&amp;usg=AFQjCNFGUgY0xn227KtyxmUb1ZXy8rMOIA\">Festival film La Rochelle 26 juin-5 juillet<\/a>\u00a0Virtuel<br \/><a title=\"\" href=\"http:\/\/eye.news-bellefaye.com\/c?p=wATNAQ3DxBAwfkjQsCAcSnDQpNC94egi69CB0MDEEDAn59COD_FI0IXQltDE0N300IDQrQBVvGh0dHA6Ly93d3cuY2luZW1hLWNvbnRpcy5mci-4NWVmNWE1YWViOTVjZWU1ZGIxODkzZDZlxBAD9PJgadDFQC7QktCVfPzQttCaQzO2ZXllLm5ld3MtYmVsbGVmYXllLmNvbcQU0JNcXwxE0Nzq0K0XRm1A6Phb5tDb0Irz0I0\" rel=\"noopener noreferrer\" target=\"_blank\" data-saferedirecturl=\"https:\/\/www.google.com\/url?q=http:\/\/eye.news-bellefaye.com\/c?p%3DwATNAQ3DxBAwfkjQsCAcSnDQpNC94egi69CB0MDEEDAn59COD_FI0IXQltDE0N300IDQrQBVvGh0dHA6Ly93d3cuY2luZW1hLWNvbnRpcy5mci-4NWVmNWE1YWViOTVjZWU1ZGIxODkzZDZlxBAD9PJgadDFQC7QktCVfPzQttCaQzO2ZXllLm5ld3MtYmVsbGVmYXllLmNvbcQU0JNcXwxE0Nzq0K0XRm1A6Phb5tDb0Irz0I0&amp;source=gmail&amp;ust=1594039548479000&amp;usg=AFQjCNGe0d5TGBRrAFMWAFZJcxOz0ztXLg\">Festival de Contis 2-6 juillet<\/a>\u00a0Virtuel<br \/><a title=\"\" href=\"http:\/\/eye.news-bellefaye.com\/c?p=wATNAQ3DxBAwfkjQsCAcSnDQpNC94egi69CB0MDEEAk40L9Jei5LKdCEX9CnL03Qz-oz2SJodHRwOi8vc3Vuc2V0ZS1mZXN0aXZhbC5mci9jaW5lbWEvuDVlZjVhNWFlYjk1Y2VlNWRiMTg5M2Q2ZcQQA_TyYGnQxUAu0JLQlXz80LbQmkMztmV5ZS5uZXdzLWJlbGxlZmF5ZS5jb23EFNCTXF8MRNDc6tCtF0ZtQOj4W-bQ29CK89CN\" rel=\"noopener noreferrer\" target=\"_blank\" data-saferedirecturl=\"https:\/\/www.google.com\/url?q=http:\/\/eye.news-bellefaye.com\/c?p%3DwATNAQ3DxBAwfkjQsCAcSnDQpNC94egi69CB0MDEEAk40L9Jei5LKdCEX9CnL03Qz-oz2SJodHRwOi8vc3Vuc2V0ZS1mZXN0aXZhbC5mci9jaW5lbWEvuDVlZjVhNWFlYjk1Y2VlNWRiMTg5M2Q2ZcQQA_TyYGnQxUAu0JLQlXz80LbQmkMztmV5ZS5uZXdzLWJlbGxlZmF5ZS5jb23EFNCTXF8MRNDc6tCtF0ZtQOj4W-bQ29CK89CN&amp;source=gmail&amp;ust=1594039548479000&amp;usg=AFQjCNFaw2roNXLdqbU9w9q_NH68G4swcw\">Sunset festival S\u00e8te 5-10 juillet<\/a>\u00a0<br \/><a title=\"\" href=\"http:\/\/eye.news-bellefaye.com\/c?p=wATNAQ3DxBAwfkjQsCAcSnDQpNC94egi69CB0MDEENCS0Ix80KcM0KpJRdC7_dCAciBj0MbQmrlodHRwczovL2ZpZG1hcnNlaWxsZS5vcmcvuDVlZjVhNWFlYjk1Y2VlNWRiMTg5M2Q2ZcQQA_TyYGnQxUAu0JLQlXz80LbQmkMztmV5ZS5uZXdzLWJlbGxlZmF5ZS5jb23EFNCTXF8MRNDc6tCtF0ZtQOj4W-bQ29CK89CN\" rel=\"noopener noreferrer\" target=\"_blank\" data-saferedirecturl=\"https:\/\/www.google.com\/url?q=http:\/\/eye.news-bellefaye.com\/c?p%3DwATNAQ3DxBAwfkjQsCAcSnDQpNC94egi69CB0MDEENCS0Ix80KcM0KpJRdC7_dCAciBj0MbQmrlodHRwczovL2ZpZG1hcnNlaWxsZS5vcmcvuDVlZjVhNWFlYjk1Y2VlNWRiMTg5M2Q2ZcQQA_TyYGnQxUAu0JLQlXz80LbQmkMztmV5ZS5uZXdzLWJlbGxlZmF5ZS5jb23EFNCTXF8MRNDc6tCtF0ZtQOj4W-bQ29CK89CN&amp;source=gmail&amp;ust=1594039548479000&amp;usg=AFQjCNEztSr13CQawdDRACr2gbTTYbJD1A\">FID Lab Marseille 6-10 juillet\u00a0<\/a>Virtuel<br \/><a title=\"\" href=\"http:\/\/eye.news-bellefaye.com\/c?p=wATNAQ3DxBAwfkjQsCAcSnDQpNC94egi69CB0MDEENCVXzDQrG0YQl3Qg9CvUxdoFEYj2SZodHRwOi8vZmVzdGl2YWx2ZWJyb24uZnIvY2F0ZWdvcnkvYWN0dbg1ZWY1YTVhZWI5NWNlZTVkYjE4OTNkNmXEEAP08mBp0MVALtCS0JV8_NC20JpDM7ZleWUubmV3cy1iZWxsZWZheWUuY29txBTQk1xfDETQ3OrQrRdGbUDo-Fvm0NvQivPQjQ\" rel=\"noopener noreferrer\" target=\"_blank\" data-saferedirecturl=\"https:\/\/www.google.com\/url?q=http:\/\/eye.news-bellefaye.com\/c?p%3DwATNAQ3DxBAwfkjQsCAcSnDQpNC94egi69CB0MDEENCVXzDQrG0YQl3Qg9CvUxdoFEYj2SZodHRwOi8vZmVzdGl2YWx2ZWJyb24uZnIvY2F0ZWdvcnkvYWN0dbg1ZWY1YTVhZWI5NWNlZTVkYjE4OTNkNmXEEAP08mBp0MVALtCS0JV8_NC20JpDM7ZleWUubmV3cy1iZWxsZWZheWUuY29txBTQk1xfDETQ3OrQrRdGbUDo-Fvm0NvQivPQjQ&amp;source=gmail&amp;ust=1594039548479000&amp;usg=AFQjCNFSdSxIsOGlbeutuZX2wHOuq3_mZw\">Festival du film de V\u00e9bron 21-25 Juillet<\/a><br \/><a title=\"\" href=\"http:\/\/eye.news-bellefaye.com\/c?p=wATNAQ3DxBAwfkjQsCAcSnDQpNC94egi69CB0MDEENCq0KrqGtDa0NpCcNCW0KMwBNC60L0cMrlodHRwczovL2ZpZG1hcnNlaWxsZS5vcmcvuDVlZjVhNWFlYjk1Y2VlNWRiMTg5M2Q2ZcQQA_TyYGnQxUAu0JLQlXz80LbQmkMztmV5ZS5uZXdzLWJlbGxlZmF5ZS5jb23EFNCTXF8MRNDc6tCtF0ZtQOj4W-bQ29CK89CN\" rel=\"noopener noreferrer\" target=\"_blank\" data-saferedirecturl=\"https:\/\/www.google.com\/url?q=http:\/\/eye.news-bellefaye.com\/c?p%3DwATNAQ3DxBAwfkjQsCAcSnDQpNC94egi69CB0MDEENCq0KrqGtDa0NpCcNCW0KMwBNC60L0cMrlodHRwczovL2ZpZG1hcnNlaWxsZS5vcmcvuDVlZjVhNWFlYjk1Y2VlNWRiMTg5M2Q2ZcQQA_TyYGnQxUAu0JLQlXz80LbQmkMztmV5ZS5uZXdzLWJlbGxlZmF5ZS5jb23EFNCTXF8MRNDc6tCtF0ZtQOj4W-bQ29CK89CN&amp;source=gmail&amp;ust=1594039548479000&amp;usg=AFQjCNEay73kBtXZp_imyU1cL9X2RrebxA\">FID en salles Marseille 22-26 juillet<\/a><\/p>\n<p><strong><em>Monde<br \/><a title=\"\" href=\"http:\/\/eye.news-bellefaye.com\/c?p=wATNAQ3DxBAwfkjQsCAcSnDQpNC94egi69CB0MDEEO7Q09DF0LPQhnpE0MXQkv04U9DH0LP3brxodHRwczovL3d3dy50YWlwZWlmZi50YWlwZWkvuDVlZjVhNWFlYjk1Y2VlNWRiMTg5M2Q2ZcQQA_TyYGnQxUAu0JLQlXz80LbQmkMztmV5ZS5uZXdzLWJlbGxlZmF5ZS5jb23EFNCTXF8MRNDc6tCtF0ZtQOj4W-bQ29CK89CN\" rel=\"noopener noreferrer\" target=\"_blank\" data-saferedirecturl=\"https:\/\/www.google.com\/url?q=http:\/\/eye.news-bellefaye.com\/c?p%3DwATNAQ3DxBAwfkjQsCAcSnDQpNC94egi69CB0MDEEO7Q09DF0LPQhnpE0MXQkv04U9DH0LP3brxodHRwczovL3d3dy50YWlwZWlmZi50YWlwZWkvuDVlZjVhNWFlYjk1Y2VlNWRiMTg5M2Q2ZcQQA_TyYGnQxUAu0JLQlXz80LbQmkMztmV5ZS5uZXdzLWJlbGxlZmF5ZS5jb23EFNCTXF8MRNDc6tCtF0ZtQOj4W-bQ29CK89CN&amp;source=gmail&amp;ust=1594039548480000&amp;usg=AFQjCNEeoA0lo1pAlEBXTfeT0qBkpan_Kw\">Festival de films de Ta\u00efpeh 25 juin-11 juillet<\/a><br \/><a title=\"\" href=\"http:\/\/eye.news-bellefaye.com\/c?p=wATNAQ3DxBAwfkjQsCAcSnDQpNC94egi69CB0MDEENCp0M0E0N7QnzxO99CgUdCtE-5CY-a4aHR0cHM6Ly93d3cubmlmZmYuY2gvZnIvuDVlZjVhNWFlYjk1Y2VlNWRiMTg5M2Q2ZcQQA_TyYGnQxUAu0JLQlXz80LbQmkMztmV5ZS5uZXdzLWJlbGxlZmF5ZS5jb23EFNCTXF8MRNDc6tCtF0ZtQOj4W-bQ29CK89CN\" rel=\"noopener noreferrer\" target=\"_blank\" data-saferedirecturl=\"https:\/\/www.google.com\/url?q=http:\/\/eye.news-bellefaye.com\/c?p%3DwATNAQ3DxBAwfkjQsCAcSnDQpNC94egi69CB0MDEENCp0M0E0N7QnzxO99CgUdCtE-5CY-a4aHR0cHM6Ly93d3cubmlmZmYuY2gvZnIvuDVlZjVhNWFlYjk1Y2VlNWRiMTg5M2Q2ZcQQA_TyYGnQxUAu0JLQlXz80LbQmkMztmV5ZS5uZXdzLWJlbGxlZmF5ZS5jb23EFNCTXF8MRNDc6tCtF0ZtQOj4W-bQ29CK89CN&amp;source=gmail&amp;ust=1594039548480000&amp;usg=AFQjCNFKvkDuA2L5OgPg1QIqGPbv1JLTnQ\">Neuch\u00e2tel Fantastic Film Festival 3-11 juillet\u00a0<\/a>annul\u00e9<br \/><a title=\"\" href=\"http:\/\/eye.news-bellefaye.com\/c?p=wATNAQ3DxBAwfkjQsCAcSnDQpNC94egi69CB0MDEEC5K0L_QuP_QjkhP0IPQzEsIENCmJ07Zo2h0dHBzOi8vd3d3LmdpZmZvbmlmaWxtZmVzdGl2YWwuaXQvbmV3cy1naWZmb25pLWV4cGVyaWVuY2UvaXRlbS84MTcxLWdpZmZvbmk1MC1zaS1mYS1pbi1xdWF0dHJvLWRhLWFnb3N0by1hLWRpY2VtYnJlLWVjY28tY29tZS1zYXJhLWlsLWZlc3RpdmFsLXBpdS1uZWNlc3NhcmlvLmh0bWy4NWVmNWE1YWViOTVjZWU1ZGIxODkzZDZlxBAD9PJgadDFQC7QktCVfPzQttCaQzO2ZXllLm5ld3MtYmVsbGVmYXllLmNvbcQU0JNcXwxE0Nzq0K0XRm1A6Phb5tDb0Irz0I0\" rel=\"noopener noreferrer\" target=\"_blank\" data-saferedirecturl=\"https:\/\/www.google.com\/url?q=http:\/\/eye.news-bellefaye.com\/c?p%3DwATNAQ3DxBAwfkjQsCAcSnDQpNC94egi69CB0MDEEC5K0L_QuP_QjkhP0IPQzEsIENCmJ07Zo2h0dHBzOi8vd3d3LmdpZmZvbmlmaWxtZmVzdGl2YWwuaXQvbmV3cy1naWZmb25pLWV4cGVyaWVuY2UvaXRlbS84MTcxLWdpZmZvbmk1MC1zaS1mYS1pbi1xdWF0dHJvLWRhLWFnb3N0by1hLWRpY2VtYnJlLWVjY28tY29tZS1zYXJhLWlsLWZlc3RpdmFsLXBpdS1uZWNlc3NhcmlvLmh0bWy4NWVmNWE1YWViOTVjZWU1ZGIxODkzZDZlxBAD9PJgadDFQC7QktCVfPzQttCaQzO2ZXllLm5ld3MtYmVsbGVmYXllLmNvbcQU0JNcXwxE0Nzq0K0XRm1A6Phb5tDb0Irz0I0&amp;source=gmail&amp;ust=1594039548480000&amp;usg=AFQjCNHHSPPwDnGqZVDfGgtqwhsr_OVc3w\">Festival de Giffoni 16-26 juillet<\/a>\u00a0report\u00e9 18-22 et 25-29 ao\u00fbt<br \/><a title=\"\" href=\"http:\/\/eye.news-bellefaye.com\/c?p=wATNAQ3DxBAwfkjQsCAcSnDQpNC94egi69CB0MDEENCd0IY4UkTQwE7QtNCk4gcGA9C28wG1aHR0cHM6Ly9qZmYub3JnLmlsL2hluDVlZjVhNWFlYjk1Y2VlNWRiMTg5M2Q2ZcQQA_TyYGnQxUAu0JLQlXz80LbQmkMztmV5ZS5uZXdzLWJlbGxlZmF5ZS5jb23EFNCTXF8MRNDc6tCtF0ZtQOj4W-bQ29CK89CN\" rel=\"noopener noreferrer\" target=\"_blank\" data-saferedirecturl=\"https:\/\/www.google.com\/url?q=http:\/\/eye.news-bellefaye.com\/c?p%3DwATNAQ3DxBAwfkjQsCAcSnDQpNC94egi69CB0MDEENCd0IY4UkTQwE7QtNCk4gcGA9C28wG1aHR0cHM6Ly9qZmYub3JnLmlsL2hluDVlZjVhNWFlYjk1Y2VlNWRiMTg5M2Q2ZcQQA_TyYGnQxUAu0JLQlXz80LbQmkMztmV5ZS5uZXdzLWJlbGxlZmF5ZS5jb23EFNCTXF8MRNDc6tCtF0ZtQOj4W-bQ29CK89CN&amp;source=gmail&amp;ust=1594039548480000&amp;usg=AFQjCNEOGQYeFEbaHFMYchwE_XQe1W-K7Q\">Festival de J\u00e9rusalem 16-26 juillet\u00a0<\/a>report\u00e9 20-30 ao\u00fbt<br \/><a title=\"\" href=\"http:\/\/eye.news-bellefaye.com\/c?p=wATNAQ3DxBAwfkjQsCAcSnDQpNC94egi69CB0MDEEEDQuAZA0NzQzkvQkNCDLiTQntCJAW3y2SRodHRwczovL2Zlc3RpdmFsLm5hdHVyLXZpc2lvbi5kZS9lbi-4NWVmNWE1YWViOTVjZWU1ZGIxODkzZDZlxBAD9PJgadDFQC7QktCVfPzQttCaQzO2ZXllLm5ld3MtYmVsbGVmYXllLmNvbcQU0JNcXwxE0Nzq0K0XRm1A6Phb5tDb0Irz0I0\" rel=\"noopener noreferrer\" target=\"_blank\" data-saferedirecturl=\"https:\/\/www.google.com\/url?q=http:\/\/eye.news-bellefaye.com\/c?p%3DwATNAQ3DxBAwfkjQsCAcSnDQpNC94egi69CB0MDEEEDQuAZA0NzQzkvQkNCDLiTQntCJAW3y2SRodHRwczovL2Zlc3RpdmFsLm5hdHVyLXZpc2lvbi5kZS9lbi-4NWVmNWE1YWViOTVjZWU1ZGIxODkzZDZlxBAD9PJgadDFQC7QktCVfPzQttCaQzO2ZXllLm5ld3MtYmVsbGVmYXllLmNvbcQU0JNcXwxE0Nzq0K0XRm1A6Phb5tDb0Irz0I0&amp;source=gmail&amp;ust=1594039548480000&amp;usg=AFQjCNHRz4hW_0zNTnf1RBGi17LwVS-sqw\">NaturVision Filmfestival Ludwigsburg 16-23 juillet<\/a>\u00a0\u00a0Virtuel<\/em><\/strong><\/p>\n<p>[\/et_pb_text][\/et_pb_column][\/et_pb_row][\/et_pb_section]<\/p>\n","protected":false},"excerpt":{"rendered":"<p>www.bellefaye.com \/\u00a0Newsletter@bellefaye.com\u00a0\u00a0 1. Ducobu, au tableau ! Avec 495 films en salles sur Paris et Ile-de- France,\u00a0(source Officiel du Spectacle), le 1er juillet, les programmateurs, pour la r\u00e9ouverture,\u00a0ont puis\u00e9 dans les r\u00e9serves :\u00a0presque un\u00a0an et demi de films, avec peu\u00a0d&rsquo;indicateurs s\u00fbrs. Quels films \u00e9taient en phase ascendante, en vol de croisi\u00e8re, ou en piqu\u00e9,\u00a0au moment [&hellip;]<\/p>\n","protected":false},"author":1,"featured_media":74,"comment_status":"closed","ping_status":"open","sticky":false,"template":"","format":"standard","meta":{"_et_pb_use_builder":"on","_et_pb_old_content":"","_et_gb_content_width":"2880","_jetpack_memberships_contains_paid_content":false,"footnotes":"","jetpack_publicize_message":"","jetpack_publicize_feature_enabled":true,"jetpack_social_post_already_shared":false,"jetpack_social_options":{"image_generator_settings":{"template":"highway","default_image_id":0,"font":"","enabled":false},"version":2}},"categories":[157],"tags":[],"class_list":["post-6501","post","type-post","status-publish","format-standard","has-post-thumbnail","hentry","category-actualites"],"yoast_head":"<!-- This site is optimized with the Yoast SEO plugin v26.9 - https:\/\/yoast.com\/product\/yoast-seo-wordpress\/ -->\n<title>Newsletter BELLEFAYE \/ La summer - Film en Languedoc Occitanie<\/title>\n<meta name=\"robots\" content=\"index, follow, max-snippet:-1, max-image-preview:large, max-video-preview:-1\" \/>\n<link rel=\"canonical\" href=\"https:\/\/filmenlanguedoc.com\/index.php\/2020\/07\/02\/newsletter-bellefaye-la-summer\/\" \/>\n<meta property=\"og:locale\" content=\"fr_FR\" \/>\n<meta property=\"og:type\" content=\"article\" \/>\n<meta property=\"og:title\" content=\"Newsletter BELLEFAYE \/ La summer - Film en Languedoc Occitanie\" \/>\n<meta property=\"og:description\" content=\"www.bellefaye.com \/\u00a0Newsletter@bellefaye.com\u00a0\u00a0 1. Ducobu, au tableau ! Avec 495 films en salles sur Paris et Ile-de- France,\u00a0(source Officiel du Spectacle), le 1er juillet, les programmateurs, pour la r\u00e9ouverture,\u00a0ont puis\u00e9 dans les r\u00e9serves :\u00a0presque un\u00a0an et demi de films, avec peu\u00a0d&#039;indicateurs s\u00fbrs. Quels films \u00e9taient en phase ascendante, en vol de croisi\u00e8re, ou en piqu\u00e9,\u00a0au moment [&hellip;]\" \/>\n<meta property=\"og:url\" content=\"https:\/\/filmenlanguedoc.com\/index.php\/2020\/07\/02\/newsletter-bellefaye-la-summer\/\" \/>\n<meta property=\"og:site_name\" content=\"Film en Languedoc Occitanie\" \/>\n<meta property=\"article:published_time\" content=\"2020-07-02T13:44:00+00:00\" \/>\n<meta property=\"article:modified_time\" content=\"2020-07-05T14:39:25+00:00\" \/>\n<meta property=\"og:image\" content=\"https:\/\/i0.wp.com\/filmenlanguedoc.com\/wp-content\/uploads\/2020\/03\/fond-adh\u00e9sion.png?fit=1200%2C1200&ssl=1\" \/>\n\t<meta property=\"og:image:width\" content=\"1200\" \/>\n\t<meta property=\"og:image:height\" content=\"1200\" \/>\n\t<meta property=\"og:image:type\" content=\"image\/png\" \/>\n<meta name=\"author\" content=\"admin6585\" \/>\n<meta name=\"twitter:card\" content=\"summary_large_image\" \/>\n<meta name=\"twitter:label1\" content=\"\u00c9crit par\" \/>\n\t<meta name=\"twitter:data1\" content=\"admin6585\" \/>\n\t<meta name=\"twitter:label2\" content=\"Dur\u00e9e de lecture estim\u00e9e\" \/>\n\t<meta name=\"twitter:data2\" content=\"8 minutes\" \/>\n<script type=\"application\/ld+json\" class=\"yoast-schema-graph\">{\"@context\":\"https:\/\/schema.org\",\"@graph\":[{\"@type\":\"Article\",\"@id\":\"https:\/\/filmenlanguedoc.com\/index.php\/2020\/07\/02\/newsletter-bellefaye-la-summer\/#article\",\"isPartOf\":{\"@id\":\"https:\/\/filmenlanguedoc.com\/index.php\/2020\/07\/02\/newsletter-bellefaye-la-summer\/\"},\"author\":{\"name\":\"admin6585\",\"@id\":\"https:\/\/filmenlanguedoc.com\/#\/schema\/person\/5a68e737a4c42a2d9138915ac4fd686e\"},\"headline\":\"Newsletter BELLEFAYE \/ La summer\",\"datePublished\":\"2020-07-02T13:44:00+00:00\",\"dateModified\":\"2020-07-05T14:39:25+00:00\",\"mainEntityOfPage\":{\"@id\":\"https:\/\/filmenlanguedoc.com\/index.php\/2020\/07\/02\/newsletter-bellefaye-la-summer\/\"},\"wordCount\":1634,\"publisher\":{\"@id\":\"https:\/\/filmenlanguedoc.com\/#organization\"},\"image\":{\"@id\":\"https:\/\/filmenlanguedoc.com\/index.php\/2020\/07\/02\/newsletter-bellefaye-la-summer\/#primaryimage\"},\"thumbnailUrl\":\"https:\/\/i0.wp.com\/filmenlanguedoc.com\/wp-content\/uploads\/2020\/03\/fond-adh%C3%A9sion.png?fit=1200%2C1200&ssl=1\",\"articleSection\":[\"Actualit\u00e9s\"],\"inLanguage\":\"fr-FR\"},{\"@type\":\"WebPage\",\"@id\":\"https:\/\/filmenlanguedoc.com\/index.php\/2020\/07\/02\/newsletter-bellefaye-la-summer\/\",\"url\":\"https:\/\/filmenlanguedoc.com\/index.php\/2020\/07\/02\/newsletter-bellefaye-la-summer\/\",\"name\":\"Newsletter BELLEFAYE \/ La summer - Film en Languedoc Occitanie\",\"isPartOf\":{\"@id\":\"https:\/\/filmenlanguedoc.com\/#website\"},\"primaryImageOfPage\":{\"@id\":\"https:\/\/filmenlanguedoc.com\/index.php\/2020\/07\/02\/newsletter-bellefaye-la-summer\/#primaryimage\"},\"image\":{\"@id\":\"https:\/\/filmenlanguedoc.com\/index.php\/2020\/07\/02\/newsletter-bellefaye-la-summer\/#primaryimage\"},\"thumbnailUrl\":\"https:\/\/i0.wp.com\/filmenlanguedoc.com\/wp-content\/uploads\/2020\/03\/fond-adh%C3%A9sion.png?fit=1200%2C1200&ssl=1\",\"datePublished\":\"2020-07-02T13:44:00+00:00\",\"dateModified\":\"2020-07-05T14:39:25+00:00\",\"breadcrumb\":{\"@id\":\"https:\/\/filmenlanguedoc.com\/index.php\/2020\/07\/02\/newsletter-bellefaye-la-summer\/#breadcrumb\"},\"inLanguage\":\"fr-FR\",\"potentialAction\":[{\"@type\":\"ReadAction\",\"target\":[\"https:\/\/filmenlanguedoc.com\/index.php\/2020\/07\/02\/newsletter-bellefaye-la-summer\/\"]}]},{\"@type\":\"ImageObject\",\"inLanguage\":\"fr-FR\",\"@id\":\"https:\/\/filmenlanguedoc.com\/index.php\/2020\/07\/02\/newsletter-bellefaye-la-summer\/#primaryimage\",\"url\":\"https:\/\/i0.wp.com\/filmenlanguedoc.com\/wp-content\/uploads\/2020\/03\/fond-adh%C3%A9sion.png?fit=1200%2C1200&ssl=1\",\"contentUrl\":\"https:\/\/i0.wp.com\/filmenlanguedoc.com\/wp-content\/uploads\/2020\/03\/fond-adh%C3%A9sion.png?fit=1200%2C1200&ssl=1\",\"width\":1200,\"height\":1200},{\"@type\":\"BreadcrumbList\",\"@id\":\"https:\/\/filmenlanguedoc.com\/index.php\/2020\/07\/02\/newsletter-bellefaye-la-summer\/#breadcrumb\",\"itemListElement\":[{\"@type\":\"ListItem\",\"position\":1,\"name\":\"Accueil\",\"item\":\"https:\/\/filmenlanguedoc.com\/\"},{\"@type\":\"ListItem\",\"position\":2,\"name\":\"Newsletter BELLEFAYE \/ La summer\"}]},{\"@type\":\"WebSite\",\"@id\":\"https:\/\/filmenlanguedoc.com\/#website\",\"url\":\"https:\/\/filmenlanguedoc.com\/\",\"name\":\"Film en Languedoc Occitanie\",\"description\":\"Film en Languedoc Occitanie est une association de techniciens, ouvriers et r\u00e9alisateurs du cin\u00e9ma et de l\u2019audiovisuel. Elle est n\u00e9e en 2011 du d\u00e9sir de partager notre passion commune.\",\"publisher\":{\"@id\":\"https:\/\/filmenlanguedoc.com\/#organization\"},\"potentialAction\":[{\"@type\":\"SearchAction\",\"target\":{\"@type\":\"EntryPoint\",\"urlTemplate\":\"https:\/\/filmenlanguedoc.com\/?s={search_term_string}\"},\"query-input\":{\"@type\":\"PropertyValueSpecification\",\"valueRequired\":true,\"valueName\":\"search_term_string\"}}],\"inLanguage\":\"fr-FR\"},{\"@type\":\"Organization\",\"@id\":\"https:\/\/filmenlanguedoc.com\/#organization\",\"name\":\"Film en Languedoc Occitanie\",\"url\":\"https:\/\/filmenlanguedoc.com\/\",\"logo\":{\"@type\":\"ImageObject\",\"inLanguage\":\"fr-FR\",\"@id\":\"https:\/\/filmenlanguedoc.com\/#\/schema\/logo\/image\/\",\"url\":\"https:\/\/i0.wp.com\/filmenlanguedoc.com\/wp-content\/uploads\/2020\/04\/logotype-film-en-languedoc-occitanie-verticale-violet.png?fit=1080%2C1080&ssl=1\",\"contentUrl\":\"https:\/\/i0.wp.com\/filmenlanguedoc.com\/wp-content\/uploads\/2020\/04\/logotype-film-en-languedoc-occitanie-verticale-violet.png?fit=1080%2C1080&ssl=1\",\"width\":1080,\"height\":1080,\"caption\":\"Film en Languedoc Occitanie\"},\"image\":{\"@id\":\"https:\/\/filmenlanguedoc.com\/#\/schema\/logo\/image\/\"}},{\"@type\":\"Person\",\"@id\":\"https:\/\/filmenlanguedoc.com\/#\/schema\/person\/5a68e737a4c42a2d9138915ac4fd686e\",\"name\":\"admin6585\",\"image\":{\"@type\":\"ImageObject\",\"inLanguage\":\"fr-FR\",\"@id\":\"https:\/\/filmenlanguedoc.com\/#\/schema\/person\/image\/\",\"url\":\"https:\/\/secure.gravatar.com\/avatar\/13e90cdb77b1414f85ce19b0b7ad6e3690148a2c322d187d309c6f496a8d5fb8?s=96&d=mm&r=g\",\"contentUrl\":\"https:\/\/secure.gravatar.com\/avatar\/13e90cdb77b1414f85ce19b0b7ad6e3690148a2c322d187d309c6f496a8d5fb8?s=96&d=mm&r=g\",\"caption\":\"admin6585\"},\"url\":\"https:\/\/filmenlanguedoc.com\/index.php\/author\/admin6585\/\"}]}<\/script>\n<!-- \/ Yoast SEO plugin. -->","yoast_head_json":{"title":"Newsletter BELLEFAYE \/ La summer - Film en Languedoc Occitanie","robots":{"index":"index","follow":"follow","max-snippet":"max-snippet:-1","max-image-preview":"max-image-preview:large","max-video-preview":"max-video-preview:-1"},"canonical":"https:\/\/filmenlanguedoc.com\/index.php\/2020\/07\/02\/newsletter-bellefaye-la-summer\/","og_locale":"fr_FR","og_type":"article","og_title":"Newsletter BELLEFAYE \/ La summer - Film en Languedoc Occitanie","og_description":"www.bellefaye.com \/\u00a0Newsletter@bellefaye.com\u00a0\u00a0 1. Ducobu, au tableau ! Avec 495 films en salles sur Paris et Ile-de- France,\u00a0(source Officiel du Spectacle), le 1er juillet, les programmateurs, pour la r\u00e9ouverture,\u00a0ont puis\u00e9 dans les r\u00e9serves :\u00a0presque un\u00a0an et demi de films, avec peu\u00a0d'indicateurs s\u00fbrs. Quels films \u00e9taient en phase ascendante, en vol de croisi\u00e8re, ou en piqu\u00e9,\u00a0au moment [&hellip;]","og_url":"https:\/\/filmenlanguedoc.com\/index.php\/2020\/07\/02\/newsletter-bellefaye-la-summer\/","og_site_name":"Film en Languedoc Occitanie","article_published_time":"2020-07-02T13:44:00+00:00","article_modified_time":"2020-07-05T14:39:25+00:00","og_image":[{"width":1200,"height":1200,"url":"https:\/\/i0.wp.com\/filmenlanguedoc.com\/wp-content\/uploads\/2020\/03\/fond-adh\u00e9sion.png?fit=1200%2C1200&ssl=1","type":"image\/png"}],"author":"admin6585","twitter_card":"summary_large_image","twitter_misc":{"\u00c9crit par":"admin6585","Dur\u00e9e de lecture estim\u00e9e":"8 minutes"},"schema":{"@context":"https:\/\/schema.org","@graph":[{"@type":"Article","@id":"https:\/\/filmenlanguedoc.com\/index.php\/2020\/07\/02\/newsletter-bellefaye-la-summer\/#article","isPartOf":{"@id":"https:\/\/filmenlanguedoc.com\/index.php\/2020\/07\/02\/newsletter-bellefaye-la-summer\/"},"author":{"name":"admin6585","@id":"https:\/\/filmenlanguedoc.com\/#\/schema\/person\/5a68e737a4c42a2d9138915ac4fd686e"},"headline":"Newsletter BELLEFAYE \/ La summer","datePublished":"2020-07-02T13:44:00+00:00","dateModified":"2020-07-05T14:39:25+00:00","mainEntityOfPage":{"@id":"https:\/\/filmenlanguedoc.com\/index.php\/2020\/07\/02\/newsletter-bellefaye-la-summer\/"},"wordCount":1634,"publisher":{"@id":"https:\/\/filmenlanguedoc.com\/#organization"},"image":{"@id":"https:\/\/filmenlanguedoc.com\/index.php\/2020\/07\/02\/newsletter-bellefaye-la-summer\/#primaryimage"},"thumbnailUrl":"https:\/\/i0.wp.com\/filmenlanguedoc.com\/wp-content\/uploads\/2020\/03\/fond-adh%C3%A9sion.png?fit=1200%2C1200&ssl=1","articleSection":["Actualit\u00e9s"],"inLanguage":"fr-FR"},{"@type":"WebPage","@id":"https:\/\/filmenlanguedoc.com\/index.php\/2020\/07\/02\/newsletter-bellefaye-la-summer\/","url":"https:\/\/filmenlanguedoc.com\/index.php\/2020\/07\/02\/newsletter-bellefaye-la-summer\/","name":"Newsletter BELLEFAYE \/ La summer - Film en Languedoc Occitanie","isPartOf":{"@id":"https:\/\/filmenlanguedoc.com\/#website"},"primaryImageOfPage":{"@id":"https:\/\/filmenlanguedoc.com\/index.php\/2020\/07\/02\/newsletter-bellefaye-la-summer\/#primaryimage"},"image":{"@id":"https:\/\/filmenlanguedoc.com\/index.php\/2020\/07\/02\/newsletter-bellefaye-la-summer\/#primaryimage"},"thumbnailUrl":"https:\/\/i0.wp.com\/filmenlanguedoc.com\/wp-content\/uploads\/2020\/03\/fond-adh%C3%A9sion.png?fit=1200%2C1200&ssl=1","datePublished":"2020-07-02T13:44:00+00:00","dateModified":"2020-07-05T14:39:25+00:00","breadcrumb":{"@id":"https:\/\/filmenlanguedoc.com\/index.php\/2020\/07\/02\/newsletter-bellefaye-la-summer\/#breadcrumb"},"inLanguage":"fr-FR","potentialAction":[{"@type":"ReadAction","target":["https:\/\/filmenlanguedoc.com\/index.php\/2020\/07\/02\/newsletter-bellefaye-la-summer\/"]}]},{"@type":"ImageObject","inLanguage":"fr-FR","@id":"https:\/\/filmenlanguedoc.com\/index.php\/2020\/07\/02\/newsletter-bellefaye-la-summer\/#primaryimage","url":"https:\/\/i0.wp.com\/filmenlanguedoc.com\/wp-content\/uploads\/2020\/03\/fond-adh%C3%A9sion.png?fit=1200%2C1200&ssl=1","contentUrl":"https:\/\/i0.wp.com\/filmenlanguedoc.com\/wp-content\/uploads\/2020\/03\/fond-adh%C3%A9sion.png?fit=1200%2C1200&ssl=1","width":1200,"height":1200},{"@type":"BreadcrumbList","@id":"https:\/\/filmenlanguedoc.com\/index.php\/2020\/07\/02\/newsletter-bellefaye-la-summer\/#breadcrumb","itemListElement":[{"@type":"ListItem","position":1,"name":"Accueil","item":"https:\/\/filmenlanguedoc.com\/"},{"@type":"ListItem","position":2,"name":"Newsletter BELLEFAYE \/ La summer"}]},{"@type":"WebSite","@id":"https:\/\/filmenlanguedoc.com\/#website","url":"https:\/\/filmenlanguedoc.com\/","name":"Film en Languedoc Occitanie","description":"Film en Languedoc Occitanie est une association de techniciens, ouvriers et r\u00e9alisateurs du cin\u00e9ma et de l\u2019audiovisuel. Elle est n\u00e9e en 2011 du d\u00e9sir de partager notre passion commune.","publisher":{"@id":"https:\/\/filmenlanguedoc.com\/#organization"},"potentialAction":[{"@type":"SearchAction","target":{"@type":"EntryPoint","urlTemplate":"https:\/\/filmenlanguedoc.com\/?s={search_term_string}"},"query-input":{"@type":"PropertyValueSpecification","valueRequired":true,"valueName":"search_term_string"}}],"inLanguage":"fr-FR"},{"@type":"Organization","@id":"https:\/\/filmenlanguedoc.com\/#organization","name":"Film en Languedoc Occitanie","url":"https:\/\/filmenlanguedoc.com\/","logo":{"@type":"ImageObject","inLanguage":"fr-FR","@id":"https:\/\/filmenlanguedoc.com\/#\/schema\/logo\/image\/","url":"https:\/\/i0.wp.com\/filmenlanguedoc.com\/wp-content\/uploads\/2020\/04\/logotype-film-en-languedoc-occitanie-verticale-violet.png?fit=1080%2C1080&ssl=1","contentUrl":"https:\/\/i0.wp.com\/filmenlanguedoc.com\/wp-content\/uploads\/2020\/04\/logotype-film-en-languedoc-occitanie-verticale-violet.png?fit=1080%2C1080&ssl=1","width":1080,"height":1080,"caption":"Film en Languedoc Occitanie"},"image":{"@id":"https:\/\/filmenlanguedoc.com\/#\/schema\/logo\/image\/"}},{"@type":"Person","@id":"https:\/\/filmenlanguedoc.com\/#\/schema\/person\/5a68e737a4c42a2d9138915ac4fd686e","name":"admin6585","image":{"@type":"ImageObject","inLanguage":"fr-FR","@id":"https:\/\/filmenlanguedoc.com\/#\/schema\/person\/image\/","url":"https:\/\/secure.gravatar.com\/avatar\/13e90cdb77b1414f85ce19b0b7ad6e3690148a2c322d187d309c6f496a8d5fb8?s=96&d=mm&r=g","contentUrl":"https:\/\/secure.gravatar.com\/avatar\/13e90cdb77b1414f85ce19b0b7ad6e3690148a2c322d187d309c6f496a8d5fb8?s=96&d=mm&r=g","caption":"admin6585"},"url":"https:\/\/filmenlanguedoc.com\/index.php\/author\/admin6585\/"}]}},"jetpack_publicize_connections":[],"jetpack_featured_media_url":"https:\/\/i0.wp.com\/filmenlanguedoc.com\/wp-content\/uploads\/2020\/03\/fond-adh%C3%A9sion.png?fit=1200%2C1200&ssl=1","jetpack_sharing_enabled":true,"_links":{"self":[{"href":"https:\/\/filmenlanguedoc.com\/index.php\/wp-json\/wp\/v2\/posts\/6501","targetHints":{"allow":["GET"]}}],"collection":[{"href":"https:\/\/filmenlanguedoc.com\/index.php\/wp-json\/wp\/v2\/posts"}],"about":[{"href":"https:\/\/filmenlanguedoc.com\/index.php\/wp-json\/wp\/v2\/types\/post"}],"author":[{"embeddable":true,"href":"https:\/\/filmenlanguedoc.com\/index.php\/wp-json\/wp\/v2\/users\/1"}],"replies":[{"embeddable":true,"href":"https:\/\/filmenlanguedoc.com\/index.php\/wp-json\/wp\/v2\/comments?post=6501"}],"version-history":[{"count":5,"href":"https:\/\/filmenlanguedoc.com\/index.php\/wp-json\/wp\/v2\/posts\/6501\/revisions"}],"predecessor-version":[{"id":6519,"href":"https:\/\/filmenlanguedoc.com\/index.php\/wp-json\/wp\/v2\/posts\/6501\/revisions\/6519"}],"wp:featuredmedia":[{"embeddable":true,"href":"https:\/\/filmenlanguedoc.com\/index.php\/wp-json\/wp\/v2\/media\/74"}],"wp:attachment":[{"href":"https:\/\/filmenlanguedoc.com\/index.php\/wp-json\/wp\/v2\/media?parent=6501"}],"wp:term":[{"taxonomy":"category","embeddable":true,"href":"https:\/\/filmenlanguedoc.com\/index.php\/wp-json\/wp\/v2\/categories?post=6501"},{"taxonomy":"post_tag","embeddable":true,"href":"https:\/\/filmenlanguedoc.com\/index.php\/wp-json\/wp\/v2\/tags?post=6501"}],"curies":[{"name":"wp","href":"https:\/\/api.w.org\/{rel}","templated":true}]}}