{"id":6457,"date":"2020-06-11T15:10:24","date_gmt":"2020-06-11T13:10:24","guid":{"rendered":"https:\/\/filmenlanguedoc.com\/?p=6457"},"modified":"2020-07-05T15:19:05","modified_gmt":"2020-07-05T13:19:05","slug":"newsletter-bellefaye-n459","status":"publish","type":"post","link":"https:\/\/filmenlanguedoc.com\/index.php\/2020\/06\/11\/newsletter-bellefaye-n459\/","title":{"rendered":"Newsletter BELLEFAYE N\u00b0459"},"content":{"rendered":"<p>[et_pb_section fb_built=\u00a0\u00bb1&Prime; _builder_version=\u00a0\u00bb4.4.0&Prime; min_height=\u00a0\u00bb312px\u00a0\u00bb custom_padding=\u00a0\u00bb0px||0px|||\u00a0\u00bb hover_enabled=\u00a0\u00bb0&Prime;][et_pb_row _builder_version=\u00a0\u00bb4.4.0&Prime; width=\u00a0\u00bb95%\u00a0\u00bb width_tablet=\u00a0\u00bb\u00a0\u00bb width_phone=\u00a0\u00bb95%\u00a0\u00bb width_last_edited=\u00a0\u00bbon|phone\u00a0\u00bb custom_margin_tablet=\u00a0\u00bb\u00a0\u00bb custom_margin_phone=\u00a0\u00bb-38px||||false|false\u00a0\u00bb custom_margin_last_edited=\u00a0\u00bbon|phone\u00a0\u00bb custom_padding=\u00a0\u00bb0px||0px|||\u00a0\u00bb][et_pb_column type=\u00a0\u00bb4_4&Prime; _builder_version=\u00a0\u00bb4.4.0&Prime;][et_pb_text _builder_version=\u00a0\u00bb4.4.7&Prime; custom_margin=\u00a0\u00bb|-49px||||\u00a0\u00bb custom_padding=\u00a0\u00bb|52px||0px||\u00a0\u00bb hover_enabled=\u00a0\u00bb0&Prime;]<\/p>\n<p><span><em><a href=\"https:\/\/www.bellefaye.com\/\">www.bellefaye.com \/\u00a0<\/a><\/em><em><a href=\"mailto:Newsletter@bellefaye.com\">Newsletter@bellefaye.com<\/a><\/em><\/span><\/p>\n<blockquote>\n<p><span style=\"text-decoration: underline; font-size: 14px;\"><span style=\"color: #000000;\"><strong>Cannes : Pr\u00e9sident, Pr\u00e9sidente<\/strong><\/span><\/span><\/p>\n<\/blockquote>\n<p><strong style=\"font-size: 14px;\">On s&rsquo;attendait \u00e0 un tsunami de commentaires,<\/strong><span style=\"font-size: 14px;\">\u00a0apr\u00e8s la d\u00e9claration de Pierre Lescure, interrog\u00e9\u00a0dans \u00ab\u00a0C \u00e0 vous\u00a0\u00bb, le vendredi 5\u00a0juin<\/span><\/p>\n<p><span>Mais rien !\u00a0Il est vrai\u00a0 qu&rsquo;une minute trente, un vendredi soir, apr\u00e8s le g\u00e9n\u00e9rique de l&rsquo;\u00e9mission&#8230;F\u00e9licit\u00e9 sur sa r\u00e9\u00e9lection, un 3e mandat de pr\u00e9sident du Festival de Cannes,\u00e0 l&rsquo;unanimit\u00e9, pr\u00e9cise-t-il, Pierre Lescure compl\u00e8te\u00a0:\u00a0\u00bbJ&rsquo;ai dit aussi au conseil d&rsquo;administration que je ne comptais pas faire tout le mandat, et que\u00a0l&rsquo;une des t\u00e2ches essentielles, ce serait de pr\u00e9parer, avec toutes les autorit\u00e9s de la culture etc,la succession. De trouver le meilleur profil, celui d&rsquo;une femme, et d&rsquo;installer, avant la fin de mon mandat, la premi\u00e8re femme pr\u00e9sidente du Festival de Cannes. J&rsquo;en serais assez fier\u00a0\u00bb.\u00a0\u00bb<\/span><\/p>\n<p><span style=\"text-decoration: underline;\"><a href=\"https:\/\/bellefaye.us5.list-manage.com\/track\/click?u=4b205a4cfff4ef726d40c2821&amp;id=850994de55&amp;e=18a96bbe37\" target=\"_blank\" data-saferedirecturl=\"https:\/\/www.google.com\/url?q=https:\/\/bellefaye.us5.list-manage.com\/track\/click?u%3D4b205a4cfff4ef726d40c2821%26id%3D850994de55%26e%3D18a96bbe37&amp;source=gmail&amp;ust=1594039584936000&amp;usg=AFQjCNE5EV9lb6bPFHAGqMlteJY5exGK0Q\" rel=\"noopener noreferrer\"><b>Extrait<\/b><\/a><\/span><\/p>\n<p><span><strong>Explication de texte<\/strong>\u00a0(les confidences d&rsquo;initi\u00e9s)<\/span><\/p>\n<p>\u00ab\u00a0La r\u00e9\u00e9lection de Pierre Lescure\u00a0s&rsquo;inscrit dans le contexte Covid 19. Son mandat se terminanten juin 2020, il aurait fallu un pr\u00e9sident imm\u00e9diatement op\u00e9rationnel, on n&rsquo;en avait pas.On\u00a0ne sait pas non plus\u00a0comment les sorties, les tournages, le public,\u00a0et de fa\u00e7on g\u00e9n\u00e9rale le cin\u00e9ma vont traverser le deuxi\u00e8me semestre 2020 et le premier de 2021.<span>\u00a0<\/span><span>Les s\u00e9lections pour le\u00a0festival 2021 s&rsquo;annoncent\u00a0compliqu\u00e9es. Bref, les administrateurs du festival de Cannes ont choisi, tr\u00e8s logiquement, d&rsquo;assurer.\u00a0\u00bb<\/span><\/p>\n<p>\u00ab\u00a0Mais il ya une n\u00e9cssit\u00e9 de renouvellement du Festival de Cannes, qui n&rsquo;est plus en phase avec la soci\u00e9t\u00e9 et qui a pris certaines habitudes. On dira que la gouvernance a besoin de plus de\u00a0d\u00e9mocratie. Peut-\u00eatre une instance de recours pour les choix strat\u00e9giques<\/p>\n<p>\u00ab\u00a0Le deal, avec Pierre (Lescure), qui souhaite partir en beaut\u00e9,\u00a0\u00ab\u00a0tu fais 2021, et ensuite la rel\u00e8ve\u00a0\u00bb.\u00a0\u00bbUne femme\u00a0\u00bb, ont pr\u00e9cis\u00e9 les institutionnels tiennent les cordons des financements publics du Festival de Cannes.\u00a0\u00ab\u00a0Une\u00a0femme pr\u00e9sidente, c&rsquo;est une n\u00e9cessit\u00e9 culturelle, sociale et d&rsquo;image.\u00a0\u00bb<span><u><\/u><u><\/u><\/span><\/p>\n<p><strong><span>Entrer dans le 21e si\u00e8cle<\/span><\/strong><b><span><\/span><\/b><span>Les mots cl\u00e9s pour le Festival\u00a0\u00a0: \u00ab\u00a0femmes,\u00a0diversit\u00e9, adaptation au nouveau monde technologique, bienveillance, convivialit\u00e9, responsabilit\u00e9, d\u00e9mocratie, transparence, acceptation de la critique,\u00a0publicit\u00e9 des comptes, \u00e0 l&rsquo;image des grands festivals.<\/span><\/p>\n<p><strong>Le QCM pour\u00a0\u00eatre pr\u00e9sidente<\/strong>Diversit\u00e9,\u00a0\u00e9galit\u00e9 des droits, conscience sociale, expertise et pratique des m\u00e9dias,\u00a0connaissance de l&rsquo;industrie du cin\u00e9ma, de l&rsquo;art cin\u00e9matographique, l\u00e9gitimit\u00e9 vis \u00e0 vis du Cin\u00e9ma et la Culture, pratique des rouages\u00a0institutionnels, ma\u00eetrise et diplomatie, charisme indispensable, et le rayonnement mondial\u00a0sur le tapis rouge\u2026Les cases non coch\u00e9es sont \u00e9liminatoires !<\/p>\n<p>&nbsp;<\/p>\n<blockquote>\n<p><span style=\"text-decoration: underline;\"><span style=\"color: #000000;\"><strong>Un cin\u00e9ma dehors, dedans<\/strong><\/span><\/span><\/p>\n<\/blockquote>\n<p>&nbsp;<\/p>\n<p><span><strong>Il y a deux ans, c&rsquo;\u00e9tait juste impossible.<\/strong>\u00a0Improbable il y a un an :Radu Mihaileanu, r\u00e9alisateur, vice-pr\u00e9sident de l&rsquo;ARP,\u00a0entrevoit un rapprochement\u00a0entre salle et plateforme : un service web, qui serait une extension de la salle, proposant\u00a0les \u00a0films qu\u2019elles ont projet\u00e9s en replay de rattrapage, pendant quatre mois. Avec un filtre de g\u00e9olocalisation, pour d\u00e9limiter des territoires \u00e9ligibles.\u00a0\u00a0<\/span><\/p>\n<p>&nbsp;<\/p>\n<p><strong>On en n&rsquo;est pas loin,<\/strong>\u00a0avec la plateforme \u00ab\u00a0la\u00a0<strong><span style=\"text-decoration: underline;\"><a href=\"http:\/\/25eheure.com\/\" target=\"_blank\" data-saferedirecturl=\"https:\/\/www.google.com\/url?q=http:\/\/25eheure.com&amp;source=gmail&amp;ust=1594039584937000&amp;usg=AFQjCNHx5feY3avcedYQelq1agPHbuA9og\" rel=\"noopener noreferrer\">25eheure.com<\/a><\/span><\/strong>\u00ab\u00a0, la salle de cin\u00e9ma virtuelle qui a s\u00e9duit plus de deux cents cin\u00e9mas, pendant le confinement.Le principe est simple : les cin\u00e9mas proposent des films (et parfois des rencontres avec des r\u00e9alisateurs) \u00e0 des horaires fixes \u00e0 un public proche de leurs salles.\u00a0Les recettes sont partag\u00e9es entre exploitant, distributeur et le site h\u00e9bergeant la salle virtuelle.<span><u><\/u><u><\/u><\/span><\/p>\n<p>&nbsp;<\/p>\n<p><strong><span>On y arrive enfin.<\/span><\/strong><span>\u00a0Tant il \u00e9tait incompr\u00e9hensible que les exploitants fran\u00e7ais, les mieux plac\u00e9s pour ce faire,\u00a0 ne se soient pas empar\u00e9s du Web, de ses possibilit\u00e9s, pour cr\u00e9er un mod\u00e8le innovant salle\/num\u00e9rique, gr\u00e2ce \u00e0 leur\u00a0connaissance du terrain, cet appui irrempla\u00e7able.Marcel Pagnol disait : \u00ab\u00a0j&rsquo;ai choisi le cin\u00e9ma parce qu&rsquo;au th\u00e9\u00e2tre c&rsquo;est mille spectateurs tous les soirs et cent mille au cin\u00e9ma.\u00a0\u00bb Les th\u00e9\u00e2treux d&rsquo;alors crachaient sur lui, en vrai,\u00a0criant \u00ab\u00a0Vendu !\u00a0\u00bb<u><\/u><u><\/u><\/span><\/p>\n<p>&nbsp;<\/p>\n<p><strong><span>Pour un utilisateur de la 25e heure<\/span><\/strong><span>, il y a encore une raideur : le concept de s\u00e9ance.L&rsquo;id\u00e9e de restreindre l&rsquo;acc\u00e8s au film par des horaires est le contraire des usages du Webdont le succ\u00e8s repose sur la trilogie, \u00e0 Marseille comme ailleurs, \u00ab\u00a0Tout, partout, tout le temps.\u00a0\u00bbMais c&rsquo;est un frein mineur par rapport \u00e0 l&rsquo;avanc\u00e9e nouvelle..Il y a le cin\u00e9ma en salle, le cin\u00e9ma chez soi, des \u00e9motions, des moments\u00a0compl\u00e9mentaires,les uns enrichissant les autres.C&rsquo;est le moment de s&rsquo;y mettre.<\/span><\/p>\n<p>&nbsp;<\/p>\n<p><span style=\"text-decoration: underline;\"><strong><a href=\"https:\/\/bellefaye.us5.list-manage.com\/track\/click?u=4b205a4cfff4ef726d40c2821&amp;id=d4a97a8d85&amp;e=18a96bbe37\" target=\"_blank\" data-saferedirecturl=\"https:\/\/www.google.com\/url?q=https:\/\/bellefaye.us5.list-manage.com\/track\/click?u%3D4b205a4cfff4ef726d40c2821%26id%3Dd4a97a8d85%26e%3D18a96bbe37&amp;source=gmail&amp;ust=1594039584937000&amp;usg=AFQjCNFsTbh4GF9vZFOUJdP-XYePQl52_Q\" rel=\"noopener noreferrer\">La 25eme heure<\/a><\/strong><b><strong><a href=\"https:\/\/bellefaye.us5.list-manage.com\/track\/click?u=4b205a4cfff4ef726d40c2821&amp;id=5a424849a3&amp;e=18a96bbe37\" target=\"_blank\" data-saferedirecturl=\"https:\/\/www.google.com\/url?q=https:\/\/bellefaye.us5.list-manage.com\/track\/click?u%3D4b205a4cfff4ef726d40c2821%26id%3D5a424849a3%26e%3D18a96bbe37&amp;source=gmail&amp;ust=1594039584937000&amp;usg=AFQjCNFiN8s7OHQC7jWNQw3UUk5EuwwwSA\" rel=\"noopener noreferrer\">Box Office<\/a><\/strong><\/b><\/span><\/p>\n<p>&nbsp;<\/p>\n<blockquote>\n<p><span style=\"text-decoration: underline;\"><span style=\"color: #000000;\"><strong>Annecy :\u00a0face au vents contraires<\/strong><\/span><\/span><\/p>\n<\/blockquote>\n<p>&nbsp;<\/p>\n<p><strong><span>Le Festival d&rsquo;Annecy approche, du 15 au 30 juin.<\/span><\/strong><span>\u00a0Virtuel bien s\u00fbr, mais avec march\u00e9 du film, rencontres, campus,\u00a0jurys en vid\u00e9oconf\u00e9rence, palmar\u00e8s.Trois mois de travail pour un vrai festival, la d\u00e9monstration du possiblePendant quinze jours, Annecy\u00a0 proposera une programmation personnelle, unique, et sera\u00a0 le centre de l&rsquo;animation mondiale,\u00a0qui a poursuivi son activit\u00e9 \u00e0 pr\u00e8s de 90%, pendant la pand\u00e9mie.\u00a0<\/span><\/p>\n<p>&nbsp;<\/p>\n<p><span style=\"text-decoration: underline;\"><a href=\"https:\/\/bellefaye.us5.list-manage.com\/track\/click?u=4b205a4cfff4ef726d40c2821&amp;id=e31ddac4cd&amp;e=18a96bbe37\" target=\"_blank\" data-saferedirecturl=\"https:\/\/www.google.com\/url?q=https:\/\/bellefaye.us5.list-manage.com\/track\/click?u%3D4b205a4cfff4ef726d40c2821%26id%3De31ddac4cd%26e%3D18a96bbe37&amp;source=gmail&amp;ust=1594039584937000&amp;usg=AFQjCNFOeurU2BwZuX_M-GHx5bMpxyw9hw\" rel=\"noopener noreferrer\"><b>Le festival\u00a0<\/b><\/a><\/span><span style=\"text-decoration: underline;\"><a href=\"https:\/\/bellefaye.us5.list-manage.com\/track\/click?u=4b205a4cfff4ef726d40c2821&amp;id=f3dd6280e9&amp;e=18a96bbe37\" target=\"_blank\" data-saferedirecturl=\"https:\/\/www.google.com\/url?q=https:\/\/bellefaye.us5.list-manage.com\/track\/click?u%3D4b205a4cfff4ef726d40c2821%26id%3Df3dd6280e9%26e%3D18a96bbe37&amp;source=gmail&amp;ust=1594039584937000&amp;usg=AFQjCNGLt1hfDe57D9_d8CvQv0dWbvPvBw\" rel=\"noopener noreferrer\"><b>En sons et en couleurs\u00a0<\/b><\/a><\/span><span style=\"text-decoration: underline;\"><b><a href=\"https:\/\/bellefaye.us5.list-manage.com\/track\/click?u=4b205a4cfff4ef726d40c2821&amp;id=3f57ccaf21&amp;e=18a96bbe37\" target=\"_blank\" data-saferedirecturl=\"https:\/\/www.google.com\/url?q=https:\/\/bellefaye.us5.list-manage.com\/track\/click?u%3D4b205a4cfff4ef726d40c2821%26id%3D3f57ccaf21%26e%3D18a96bbe37&amp;source=gmail&amp;ust=1594039584937000&amp;usg=AFQjCNHwTBkbedE7ExysBPWLU40VMA7BDA\" rel=\"noopener noreferrer\">L&rsquo;essentiel pr\u00e9serv\u00e9<\/a><\/b><\/span><\/p>\n<p>&nbsp;<\/p>\n<p><strong><span>Au passage,\u00a0<\/span><\/strong><span>\u00a0sur le site du festival,<strong>\u00a0<\/strong>\u00a0une page\u00a0pour la cr\u00e9ation d&rsquo;un Coll\u00e8ge Animation et Effets visuels aux C\u00e9sar, avec une petition en ligne.Dans quel Cin\u00e9ma est-on pour que l&rsquo;animation n&rsquo;ait pas sa place l\u00e9gitime, \u00e0 la table d&rsquo;honneur ?Tout comme la musique, \u00e9cart\u00e9e encore r\u00e9cemment des Palmes cannoises.<span style=\"text-decoration: underline;\"><b><\/b><\/span><\/span><\/p>\n<p><span><span style=\"text-decoration: underline;\"><b><a href=\"https:\/\/bellefaye.us5.list-manage.com\/track\/click?u=4b205a4cfff4ef726d40c2821&amp;id=1b27ecb107&amp;e=18a96bbe37\" target=\"_blank\" data-saferedirecturl=\"https:\/\/www.google.com\/url?q=https:\/\/bellefaye.us5.list-manage.com\/track\/click?u%3D4b205a4cfff4ef726d40c2821%26id%3D1b27ecb107%26e%3D18a96bbe37&amp;source=gmail&amp;ust=1594039584937000&amp;usg=AFQjCNHUzCwsYn76NTD0eEC7SsG9L5ybXw\" rel=\"noopener noreferrer\">La page<\/a><\/b><\/span><\/span><\/p>\n<p>&nbsp;<\/p>\n<blockquote>\n<p><span style=\"text-decoration: underline; color: #000000;\"><strong>Cabourg, c&rsquo;est un roman<\/strong><\/span><\/p>\n<\/blockquote>\n<p>&nbsp;<\/p>\n<p><span>Apr\u00e8s une longue incertitude,\u00a0 une hypoth\u00e8se en mode drive,\u00a0Cabourg 2020 est maintenu aux dates pr\u00e9vues, du 10 au 12 juin.Les salles de cin\u00e9ma de Cabourg demeurant ferm\u00e9es, le jury s&rsquo;est install\u00e9 au Club de l\u2019\u00c9toile, \u00e0 Paris, pour visionner\u00a0les films dans le respect, bien pr\u00e9cis\u00e9, des r\u00e8gles\u00a0sanitaires.Les films seront pr\u00e9sent\u00e9s \u00e0 Cabourg au mois de juillet, soit en salles, soit auCin\u00e9-plage habituel, en fonction de l&rsquo;actualit\u00e9 sanitaire et des autorisations pr\u00e9fectorales.<\/span><\/p>\n<p>Le Grand Jury est pr\u00e9sid\u00e9 par Beno\u00eet Magimel, et cinq jur\u00e9s :\u00a0Aur\u00e9lie Dupont, directrice de la danse du ballet de l\u2019Op\u00e9ra national de Paris, Isild Le Besco (actrice),\u00a0 Doria Tillier\u00a0,\u00a0Ahmed Hamidi, sc\u00e9nariste, Issam Krimi ,compositeur et producteur de musique.Les huit longs m\u00e9trages en comp\u00e9tition pour le Grand Prix, sur une th\u00e9matique romantique et d&rsquo;espoir :<\/p>\n<p>&#8211;\u00a0<a href=\"https:\/\/bellefaye.us5.list-manage.com\/track\/click?u=4b205a4cfff4ef726d40c2821&amp;id=c677ed64ac&amp;e=18a96bbe37\" target=\"_blank\" data-saferedirecturl=\"https:\/\/www.google.com\/url?q=https:\/\/bellefaye.us5.list-manage.com\/track\/click?u%3D4b205a4cfff4ef726d40c2821%26id%3Dc677ed64ac%26e%3D18a96bbe37&amp;source=gmail&amp;ust=1594039584937000&amp;usg=AFQjCNGDkbVqSGPbcoEOozFAQKSjfd5zVw\" rel=\"noopener noreferrer\"><b>\u00c0 l&rsquo;abordage<\/b><\/a>\u00a0de Guillaume Brac (2019) France.-\u00a0<a href=\"https:\/\/bellefaye.us5.list-manage.com\/track\/click?u=4b205a4cfff4ef726d40c2821&amp;id=b36508777c&amp;e=18a96bbe37\" target=\"_blank\" data-saferedirecturl=\"https:\/\/www.google.com\/url?q=https:\/\/bellefaye.us5.list-manage.com\/track\/click?u%3D4b205a4cfff4ef726d40c2821%26id%3Db36508777c%26e%3D18a96bbe37&amp;source=gmail&amp;ust=1594039584937000&amp;usg=AFQjCNHgGvl5HjfVkvELztMbKsIb8M9x9g\" rel=\"noopener noreferrer\"><b>Balloon<\/b><\/a>\u00a0de Pema de\u00a0Tseden (2019) Chine\/ Tibet.-\u00a0<a href=\"https:\/\/bellefaye.us5.list-manage.com\/track\/click?u=4b205a4cfff4ef726d40c2821&amp;id=13ac2c83e1&amp;e=18a96bbe37\" target=\"_blank\" data-saferedirecturl=\"https:\/\/www.google.com\/url?q=https:\/\/bellefaye.us5.list-manage.com\/track\/click?u%3D4b205a4cfff4ef726d40c2821%26id%3D13ac2c83e1%26e%3D18a96bbe37&amp;source=gmail&amp;ust=1594039584937000&amp;usg=AFQjCNG-d9K4CQJnWnIFI5byb4RWaqiNyA\" rel=\"noopener noreferrer\"><b>Brooklyn Secret<\/b><\/a>\u00a0d\u2019Isabel Sandoval l (2019) USA\/ Philippines.-\u00a0<a href=\"https:\/\/bellefaye.us5.list-manage.com\/track\/click?u=4b205a4cfff4ef726d40c2821&amp;id=9e4c3e82db&amp;e=18a96bbe37\" target=\"_blank\" data-saferedirecturl=\"https:\/\/www.google.com\/url?q=https:\/\/bellefaye.us5.list-manage.com\/track\/click?u%3D4b205a4cfff4ef726d40c2821%26id%3D9e4c3e82db%26e%3D18a96bbe37&amp;source=gmail&amp;ust=1594039584937000&amp;usg=AFQjCNHawWlek-ag3CNzKSrPRvba-N476Q\" rel=\"noopener noreferrer\"><b>Eva en ao\u00fbt<\/b><\/a>\u00a0de Jonas Trueba (2019) Espagne.-\u00a0<a href=\"https:\/\/bellefaye.us5.list-manage.com\/track\/click?u=4b205a4cfff4ef726d40c2821&amp;id=65b39c2c6b&amp;e=18a96bbe37\" target=\"_blank\" data-saferedirecturl=\"https:\/\/www.google.com\/url?q=https:\/\/bellefaye.us5.list-manage.com\/track\/click?u%3D4b205a4cfff4ef726d40c2821%26id%3D65b39c2c6b%26e%3D18a96bbe37&amp;source=gmail&amp;ust=1594039584937000&amp;usg=AFQjCNFcQ39PBZLmqqtpSGkD6NuAn3GKCQ\" rel=\"noopener noreferrer\"><b>La Femme des Steppes, le Flic et l&rsquo;\u0152uf<\/b><\/a>\u00a0de Quanan Wang (2019) Mongolie.-\u00a0<a href=\"https:\/\/bellefaye.us5.list-manage.com\/track\/click?u=4b205a4cfff4ef726d40c2821&amp;id=17cc883104&amp;e=18a96bbe37\" target=\"_blank\" data-saferedirecturl=\"https:\/\/www.google.com\/url?q=https:\/\/bellefaye.us5.list-manage.com\/track\/click?u%3D4b205a4cfff4ef726d40c2821%26id%3D17cc883104%26e%3D18a96bbe37&amp;source=gmail&amp;ust=1594039584937000&amp;usg=AFQjCNH2PY9h4fhZgTFCy4_K_PXq98azEg\" rel=\"noopener noreferrer\"><b>Goodbye<\/b><\/a>\u00a0(Hope Gap)\u00a0de William Nicholson (2019) Grande Bretagne.-\u00a0<a href=\"https:\/\/bellefaye.us5.list-manage.com\/track\/click?u=4b205a4cfff4ef726d40c2821&amp;id=ed9e1c0005&amp;e=18a96bbe37\" target=\"_blank\" data-saferedirecturl=\"https:\/\/www.google.com\/url?q=https:\/\/bellefaye.us5.list-manage.com\/track\/click?u%3D4b205a4cfff4ef726d40c2821%26id%3Ded9e1c0005%26e%3D18a96bbe37&amp;source=gmail&amp;ust=1594039584937000&amp;usg=AFQjCNEUrU1ArscdtRCodu3eA3YfCDsTQA\" rel=\"noopener noreferrer\"><b>Les Parfums<\/b><\/a>\u00a0de Gr\u00e9gory Magne (2019) France.-\u00a0<a href=\"https:\/\/bellefaye.us5.list-manage.com\/track\/click?u=4b205a4cfff4ef726d40c2821&amp;id=dd5958aa50&amp;e=18a96bbe37\" target=\"_blank\" data-saferedirecturl=\"https:\/\/www.google.com\/url?q=https:\/\/bellefaye.us5.list-manage.com\/track\/click?u%3D4b205a4cfff4ef726d40c2821%26id%3Ddd5958aa50%26e%3D18a96bbe37&amp;source=gmail&amp;ust=1594039584937000&amp;usg=AFQjCNFddlLsWMvgmIgR_X9keXs7gWRxjQ\" rel=\"noopener noreferrer\"><b>Poissonsexe<\/b><\/a>\u00a0d\u2019Olivier Babinet (2019) France.<\/p>\n<p>Le Prix du Meilleur court-m\u00e9trage sera d\u00e9cern\u00e9 par No\u00e9mie Lvosky, pr\u00e9sidente du jury.A suivre\u00a0les Swann d&rsquo;Or, le Prix Gonzague St-Bris, les Premiers Rendez-Vous.<\/p>\n<p>&nbsp;<\/p>\n<p><span style=\"text-decoration: underline;\"><b><a href=\"https:\/\/bellefaye.us5.list-manage.com\/track\/click?u=4b205a4cfff4ef726d40c2821&amp;id=cd0be72afa&amp;e=18a96bbe37\" target=\"_blank\" data-saferedirecturl=\"https:\/\/www.google.com\/url?q=https:\/\/bellefaye.us5.list-manage.com\/track\/click?u%3D4b205a4cfff4ef726d40c2821%26id%3Dcd0be72afa%26e%3D18a96bbe37&amp;source=gmail&amp;ust=1594039584937000&amp;usg=AFQjCNGcczb9RsCKTKL7h3OTMIQWV15Kmw\" rel=\"noopener noreferrer\">Festival de Cabourg 10-14 juin<\/a><\/b><\/span><\/p>\n<p>&nbsp;<\/p>\n<blockquote>\n<p><strong><span style=\"text-decoration: underline; color: #000000;\">Les Cavaliers du Cadre noir<\/span><\/strong><\/p>\n<\/blockquote>\n<p>Les images des cavaliers noirs,\u00a0dans les rues de Houston, Oakland, ou New York, puissanteset symboliques,\u00a0ont surpris en Europe.Elles font \u00e9cho aux Buffalo Soldiers,\u00a0troupes d&rsquo;\u00e9lite\u00a0de cavalerie noire, cr\u00e9\u00e9es 1866, qui\u00a0 s&rsquo;illustr\u00e8rent plus tard par\u00a0leur combativit\u00e9 exceptionnelle\u00a0dans\u00a0l&rsquo;offensive franco-am\u00e9ricaine de la Meuse-Argonne, qui amena l&rsquo;Allemagne au cessez-le-feu du\u00a011 novembre 1918.<\/p>\n<p>&nbsp;<\/p>\n<p>Hollywood\u00a0s&rsquo;est\u00a0peu inspir\u00e9 des \u00ab\u00a0B.S\u00a0\u00bb\u00a0: un film en 1997, un feuilleton en quatre \u00e9pisodes en 1970 sur PBS,\u00a0un pilote NBC en 1979.Le film de 1997, r\u00e9alis\u00e9 par\u00a0Charles Haid, produit par\u00a0Turner Network\/ Warner\u00a0a\u00a0 s\u00e9duit public et critiques pour les interpr\u00e9tations remarqu\u00e9es de Danny Glover, Mykelti Williamson, Carl Lumbly, Glynn Turman, Michael Warren\u2026<\/p>\n<p>&nbsp;<\/p>\n<p>Pas vraiment de rapport, hormis le titre, avec\u00a0le film Miramax de 2004, \u00ab\u00a0Buffalo Soldiers\u00a0\u00bb de Gregor Jordan\u00a0qui se d\u00e9roule en Allemagne en 1989, avec des \u00ab\u00a0B.S\u00a0\u00bb\u00a0 Joaquin Phoenix,Ed Harris, Scott Glenn, Dean Stockwell\u2026<\/p>\n<p><span style=\"text-decoration: underline;\"><b><span><strong><a href=\"https:\/\/bellefaye.us5.list-manage.com\/track\/click?u=4b205a4cfff4ef726d40c2821&amp;id=3225b5c102&amp;e=18a96bbe37\" target=\"_blank\" data-saferedirecturl=\"https:\/\/www.google.com\/url?q=https:\/\/bellefaye.us5.list-manage.com\/track\/click?u%3D4b205a4cfff4ef726d40c2821%26id%3D3225b5c102%26e%3D18a96bbe37&amp;source=gmail&amp;ust=1594039584937000&amp;usg=AFQjCNFQYpuwOuVr6zbwc1QtokjRniW1pA\" rel=\"noopener noreferrer\">Des cavaliers noirs<\/a><\/strong><strong><a href=\"https:\/\/bellefaye.us5.list-manage.com\/track\/click?u=4b205a4cfff4ef726d40c2821&amp;id=31575c91b0&amp;e=18a96bbe37\" target=\"_blank\" data-saferedirecturl=\"https:\/\/www.google.com\/url?q=https:\/\/bellefaye.us5.list-manage.com\/track\/click?u%3D4b205a4cfff4ef726d40c2821%26id%3D31575c91b0%26e%3D18a96bbe37&amp;source=gmail&amp;ust=1594039584937000&amp;usg=AFQjCNECetK084-ZZzIQOLunD0TLLu6T8w\" rel=\"noopener noreferrer\">Le film de 1997<\/a><\/strong><\/span><span><strong><a href=\"https:\/\/bellefaye.us5.list-manage.com\/track\/click?u=4b205a4cfff4ef726d40c2821&amp;id=ee579e140d&amp;e=18a96bbe37\" target=\"_blank\" data-saferedirecturl=\"https:\/\/www.google.com\/url?q=https:\/\/bellefaye.us5.list-manage.com\/track\/click?u%3D4b205a4cfff4ef726d40c2821%26id%3Dee579e140d%26e%3D18a96bbe37&amp;source=gmail&amp;ust=1594039584937000&amp;usg=AFQjCNEHzglXAN9UtHoiRtusbOSGXKJXiQ\" rel=\"noopener noreferrer\">Plus<\/a><\/strong><\/span><\/b><\/span><\/p>\n<p>&nbsp;<\/p>\n<blockquote>\n<p><span style=\"text-decoration: underline;\"><span style=\"color: #000000;\"><strong>No comment<\/strong><\/span><\/span><b><span><span style=\"text-decoration: underline;\"><strong><\/strong><\/span><\/span><\/b><\/p>\n<\/blockquote>\n<p>&nbsp;<\/p>\n<p><b><span><span style=\"text-decoration: underline;\"><strong><a href=\"https:\/\/bellefaye.us5.list-manage.com\/track\/click?u=4b205a4cfff4ef726d40c2821&amp;id=c517ecf0f3&amp;e=18a96bbe37\" target=\"_blank\" data-saferedirecturl=\"https:\/\/www.google.com\/url?q=https:\/\/bellefaye.us5.list-manage.com\/track\/click?u%3D4b205a4cfff4ef726d40c2821%26id%3Dc517ecf0f3%26e%3D18a96bbe37&amp;source=gmail&amp;ust=1594039584937000&amp;usg=AFQjCNE2gUhL1Wg-8c3EGsiPBd49IADtEw\" rel=\"noopener noreferrer\">Voir<\/a><\/strong><\/span><\/span><\/b><span style=\"text-decoration: underline;\"><b><\/b><\/span><\/p>\n<p><b><span><span style=\"text-decoration: underline;\"><strong>Et aussi&#8230;<\/strong><\/span><\/span><\/b><\/p>\n<p><b><strong>Les regards du cin\u00e9ma fran\u00e7ais\u00a0se tourneront\u00a0vers l&rsquo;Italie, lundi 15 juin, jour de la r\u00e9ouverture des salles, apr\u00e8s 16 semaines de\u00a0fermeture pour le nord du pays, 14 semaines pour les autres r\u00e9gions. Plus de 3200 cin\u00e9mas \u00e9teints<br \/> Diversit\u00e9\u00a0des salles,\u00a0multiplexes, ind\u00e9pendants et petites salles,\u00a0soutien\u00a0des TV publiques, des sites, des journaux, difficult\u00e9 de la programmation, un paysage proche qui\u00a0donnera \u00e0 cette r\u00e9ouverture une id\u00e9e du possible, le 22 juin, en France.<\/strong><\/b><\/p>\n<p><span style=\"text-decoration: underline;\"><strong><a href=\"https:\/\/bellefaye.us5.list-manage.com\/track\/click?u=4b205a4cfff4ef726d40c2821&amp;id=a2a68c2c26&amp;e=18a96bbe37\" target=\"_blank\" data-saferedirecturl=\"https:\/\/www.google.com\/url?q=https:\/\/bellefaye.us5.list-manage.com\/track\/click?u%3D4b205a4cfff4ef726d40c2821%26id%3Da2a68c2c26%26e%3D18a96bbe37&amp;source=gmail&amp;ust=1594039584937000&amp;usg=AFQjCNHWQhy2p4QOmxT0sQrIVXcx2OmLnw\" rel=\"noopener noreferrer\">The Hollywood Reporter<\/a><\/strong><b><br \/> <strong><a href=\"https:\/\/bellefaye.us5.list-manage.com\/track\/click?u=4b205a4cfff4ef726d40c2821&amp;id=b391824a83&amp;e=18a96bbe37\" target=\"_blank\" data-saferedirecturl=\"https:\/\/www.google.com\/url?q=https:\/\/bellefaye.us5.list-manage.com\/track\/click?u%3D4b205a4cfff4ef726d40c2821%26id%3Db391824a83%26e%3D18a96bbe37&amp;source=gmail&amp;ust=1594039584937000&amp;usg=AFQjCNFU8t_e2DieC0SSaMyarHWfBhoY_A\" rel=\"noopener noreferrer\">Variety<\/a><\/strong><\/b><\/span><\/p>\n<p>&nbsp;<\/p>\n<p><span><strong>Le bureau de l&rsquo;AFC<\/strong>\u00a0(Association fran\u00e7aise des directeurs de la photographie cin\u00e9matographique.) r\u00e9uni \u00e0 distance le 3 juin, a r\u00e9\u00e9lu\u00a0Gilles Porte, pr\u00e9sident, pour un 3e mandat.<br \/> Les vice-pr\u00e9sident(e)s\u00a0: Caroline Champetier,\u00a0relations \u00e9ducation et transmission ;\u00a0R\u00e9my Chevrin, relations membres associ\u00e9s ; Eric Gautier, relations internationales ; Claire Mathon, relations \u00e9ducation et transmission ; Julien Poupard, communication digitale.<\/span><\/p>\n<p>&nbsp;<\/p>\n<p><span style=\"text-decoration: underline;\"><b><a href=\"https:\/\/bellefaye.us5.list-manage.com\/track\/click?u=4b205a4cfff4ef726d40c2821&amp;id=3a05fea734&amp;e=18a96bbe37\" target=\"_blank\" data-saferedirecturl=\"https:\/\/www.google.com\/url?q=https:\/\/bellefaye.us5.list-manage.com\/track\/click?u%3D4b205a4cfff4ef726d40c2821%26id%3D3a05fea734%26e%3D18a96bbe37&amp;source=gmail&amp;ust=1594039584937000&amp;usg=AFQjCNFKmkEy9vebIU0Ai7qYURgjPkXydA\" rel=\"noopener noreferrer\">Plus<\/a><\/b><\/span><\/p>\n<p><strong><span>La\u00a0\u00ab\u00a0F\u00eate du Cin\u00e9ma 2020\u00a0\u00bb annul\u00e9e.<\/span><\/strong><span>\u00a0Pr\u00e9vu du dimanche 28 juin au mercredi 1er juillet, l\u00a0\u00bb\u00e9v\u00e9nement organis\u00e9 depuis six ans par la F\u00e9d\u00e9ration nationale des cin\u00e9mas fran\u00e7ais est annul\u00e9.\u00a0Trop d&rsquo;incertitudes sur les d\u00e9lais de r\u00e9ouverture des cin\u00e9mas, sur la mise en place des nouvelles r\u00e8gles sanitaires, et le retour rapide des spectateurs dans les salles\u2026<\/span><br \/> <span>Une d\u00e9cision douloureuse.<\/span><\/p>\n<p><strong><span>Arles, pas que la culture.<\/span><\/strong><span>\u00a0Patrick de Carolis va-t-il emporter\u00a0la mairie le 28 juin ?<br \/> La ville\u00a0est connue pour sa vitalit\u00e9 culturelle : les Rencontres photographiques, la fondation Luma, le festival musical Les Suds, les \u00e9ditions Actes Sud&#8230;<br \/> Un atout pour attirer les investisseurs, les\u00a0chefs d&rsquo;entreprise, les salari\u00e9s du tertiaire et des services qui manquent \u00e0 l&rsquo;\u00e9conomie locale, mais pas suffisant.<br \/> La campagne \u00e9lectorale\u00a0se joue sur un\u00a0grand plan de relance pour Arles.<\/span><\/p>\n<p><span style=\"text-decoration: underline;\"><b><a href=\"https:\/\/bellefaye.us5.list-manage.com\/track\/click?u=4b205a4cfff4ef726d40c2821&amp;id=d531cfa07e&amp;e=18a96bbe37\" target=\"_blank\" data-saferedirecturl=\"https:\/\/www.google.com\/url?q=https:\/\/bellefaye.us5.list-manage.com\/track\/click?u%3D4b205a4cfff4ef726d40c2821%26id%3Dd531cfa07e%26e%3D18a96bbe37&amp;source=gmail&amp;ust=1594039584937000&amp;usg=AFQjCNFBcbIDkMg7hmI7CR3qwsg0i00tzw\" rel=\"noopener noreferrer\">Le Point<\/a><\/b><\/span><\/p>\n<p><b><strong>Au d\u00e9tour d&rsquo;un article<\/strong>\u00a0dans \u00ab\u00a0Trois Couleurs\u00a0\u00bb, le mag de MK2, sign\u00e9 Jos\u00e9phine Leroy, le 5 juin,<br \/> <\/b>\u00ab\u00a0le red\u00e9marrage des tournages\u00a0\u00bb,\u00a0un nouveau prestataire n\u00e9 du coronavirus, sp\u00e9cialis\u00e9 dans la gestion sanitaire des tournages pour la crise\u2026<br \/> L&rsquo;int\u00e9r\u00eat, sur le site, est de d\u00e9couvrir tout ce qui doit \u00eatre pris en charge et les co\u00fbts en surplus li\u00e9s aux normes sanitaires.<\/p>\n<p><span style=\"text-decoration: underline;\"><b><span><a href=\"https:\/\/bellefaye.us5.list-manage.com\/track\/click?u=4b205a4cfff4ef726d40c2821&amp;id=e860b95e28&amp;e=18a96bbe37\" target=\"_blank\" data-saferedirecturl=\"https:\/\/www.google.com\/url?q=https:\/\/bellefaye.us5.list-manage.com\/track\/click?u%3D4b205a4cfff4ef726d40c2821%26id%3De860b95e28%26e%3D18a96bbe37&amp;source=gmail&amp;ust=1594039584937000&amp;usg=AFQjCNFD_4UjhDr3MCBvdhLbJumfnGBmfA\" rel=\"noopener noreferrer\">Trois couleurs<\/a><br \/> <a href=\"https:\/\/bellefaye.us5.list-manage.com\/track\/click?u=4b205a4cfff4ef726d40c2821&amp;id=9253e9763a&amp;e=18a96bbe37\" target=\"_blank\" data-saferedirecturl=\"https:\/\/www.google.com\/url?q=https:\/\/bellefaye.us5.list-manage.com\/track\/click?u%3D4b205a4cfff4ef726d40c2821%26id%3D9253e9763a%26e%3D18a96bbe37&amp;source=gmail&amp;ust=1594039584938000&amp;usg=AFQjCNHRRuUEnzblhg1qXcODAel1Y9ELyQ\" rel=\"noopener noreferrer\">Sekoya<\/a><\/span><\/b><\/span><\/p>\n<p><strong><span>L&rsquo;ACID ne reste pas inactif<\/span><\/strong><span>\u00a0et\u00a0fera la promotion des films\u00a0pendant le \u00ab\u00a0March\u00e9 du Film de Cannes online\u00a0\u00bb.<br \/> En septembre et\u00a0octobre, projections publiques\u00a0du 25 au 29 septembre au Louxor, \u00e0 Paris.<br \/> Au Comoedia, \u00e0 Lyon, du 2 au 4 octobre.<br \/> A Marseille, du 8 au 11 octobre, au Gyptis et \u00e0 La Baleine.<br \/> Puis\u00a0\u00e0 la Cin\u00e9math\u00e8que de Corse, ainsi que dans de nombreux festivals partenaires en France et \u00e0 l&rsquo;international.<\/span><\/p>\n<p><span style=\"text-decoration: underline;\"><a href=\"https:\/\/bellefaye.us5.list-manage.com\/track\/click?u=4b205a4cfff4ef726d40c2821&amp;id=03f2f207b5&amp;e=18a96bbe37\" target=\"_blank\" data-saferedirecturl=\"https:\/\/www.google.com\/url?q=https:\/\/bellefaye.us5.list-manage.com\/track\/click?u%3D4b205a4cfff4ef726d40c2821%26id%3D03f2f207b5%26e%3D18a96bbe37&amp;source=gmail&amp;ust=1594039584938000&amp;usg=AFQjCNGNu6samvEyij3V-2tfYlkdyp8btA\" rel=\"noopener noreferrer\"><b>La programmation<\/b><\/a><\/span><br \/> <span style=\"text-decoration: underline;\"><b><a href=\"https:\/\/bellefaye.us5.list-manage.com\/track\/click?u=4b205a4cfff4ef726d40c2821&amp;id=c311708309&amp;e=18a96bbe37\" target=\"_blank\" data-saferedirecturl=\"https:\/\/www.google.com\/url?q=https:\/\/bellefaye.us5.list-manage.com\/track\/click?u%3D4b205a4cfff4ef726d40c2821%26id%3Dc311708309%26e%3D18a96bbe37&amp;source=gmail&amp;ust=1594039584938000&amp;usg=AFQjCNEq5eKLYwK28z0NrNwerIYayqodxw\" rel=\"noopener noreferrer\">La cin\u00e9math\u00e8que de Corse<\/a><\/b><\/span><\/p>\n<p>Fox News Channel :\u00a0pr\u00e9vu le 15 juin, le retour des salari\u00e9s dans les bureaux est repouss\u00e9\u00a0\u00ab\u00a0au moins jusqu&rsquo;\u00e0\u00a0fin juillet\u00a0\u00bb.<br \/> De son c\u00f4t\u00e9, Jeff Zucker, pr\u00e9sident de CNN Worldwide, a d\u00e9clar\u00e9\u00a0\u00ab\u00a0le r\u00e9seau s&rsquo;attend \u00e0 ce que la majorit\u00e9 des employ\u00e9s ne reviennent pas au bureau en 2020.\u00a0\u00bb<\/p>\n<p><strong><span>Si vous ne l&rsquo;avez pas lue,<\/span><\/strong><span>\u00a0la lettre de la m\u00e9diatrice du cin\u00e9ma, les dix principes pour que la r\u00e9ouverture des salles satisfassent les distributeurs, les exploitants et les spectateurs.<br \/> L&rsquo;enjeu d&rsquo;une coordination des programmations.<\/span><\/p>\n<p><span style=\"text-decoration: underline;\"><a href=\"https:\/\/bellefaye.us5.list-manage.com\/track\/click?u=4b205a4cfff4ef726d40c2821&amp;id=523aae9444&amp;e=18a96bbe37\" target=\"_blank\" data-saferedirecturl=\"https:\/\/www.google.com\/url?q=https:\/\/bellefaye.us5.list-manage.com\/track\/click?u%3D4b205a4cfff4ef726d40c2821%26id%3D523aae9444%26e%3D18a96bbe37&amp;source=gmail&amp;ust=1594039584938000&amp;usg=AFQjCNFnn3VEivPACJMVrFlHGcKsJOe7Eg\" rel=\"noopener noreferrer\"><b>Ouvrir<\/b><\/a><\/span><\/p>\n<p>&#8212;&#8212;&#8212;&#8212;&#8212;&#8212;&#8212;&#8212;&#8212;&#8212;&#8212;&#8212;-<strong><span><\/span><\/strong><\/p>\n<p><strong><span>Sorties films du 10 au\u00a017 juin 2020<\/span><\/strong><strong><span><\/span><\/strong><b><span><br \/> <\/span><\/b><b><span><br \/> <strong>0 sortie<\/strong><\/span><\/b><strong><span><\/span><\/strong><b><span><br \/> <\/span><\/b><span><br \/> <strong>Rappel :<\/strong><b><br \/> <strong>Total\u00a0sorties Paris du 1er janvier au 14 mars 2020<\/strong><br \/> <strong>34 films France,\u00a015 coprods,\u00a04 animations,\u00a018 docs<\/strong><\/b><\/span><\/p>\n<p><span style=\"text-decoration: underline;\"><strong>Festivals<\/strong><strong>\u00a0<\/strong><b><br \/> <\/b><\/span><strong><span><span style=\"text-decoration: underline;\">Mise \u00e0 jour du 11 juin, 16h<\/span>.<\/span><\/strong><\/p>\n<p><strong><span>France<b><br \/> <\/b><b><br \/> <a href=\"https:\/\/bellefaye.us5.list-manage.com\/track\/click?u=4b205a4cfff4ef726d40c2821&amp;id=279290459c&amp;e=18a96bbe37\" target=\"_blank\" data-saferedirecturl=\"https:\/\/www.google.com\/url?q=https:\/\/bellefaye.us5.list-manage.com\/track\/click?u%3D4b205a4cfff4ef726d40c2821%26id%3D279290459c%26e%3D18a96bbe37&amp;source=gmail&amp;ust=1594039584938000&amp;usg=AFQjCNFM8cXr8LdNYJvyJmDIE4TqqlXUrQ\" rel=\"noopener noreferrer\">Champs Elys\u00e9es Festival 9-16 juin<\/a><\/b>\u00a0Virtuel\u00a0Succ\u00e8s en cours !<br \/> <a href=\"https:\/\/bellefaye.us5.list-manage.com\/track\/click?u=4b205a4cfff4ef726d40c2821&amp;id=a7e39cf5e2&amp;e=18a96bbe37\" target=\"_blank\" data-saferedirecturl=\"https:\/\/www.google.com\/url?q=https:\/\/bellefaye.us5.list-manage.com\/track\/click?u%3D4b205a4cfff4ef726d40c2821%26id%3Da7e39cf5e2%26e%3D18a96bbe37&amp;source=gmail&amp;ust=1594039584938000&amp;usg=AFQjCNHDTtz7pgitshUgAVIAXeQsK29AkA\" rel=\"noopener noreferrer\">Festival NewImages Paris 10 au 14 juin\u00a0<\/a>\u00a0report\u00e9 23-27 septembre<b><br \/> <\/b><a href=\"https:\/\/bellefaye.us5.list-manage.com\/track\/click?u=4b205a4cfff4ef726d40c2821&amp;id=86f2ae14fe&amp;e=18a96bbe37\" target=\"_blank\" data-saferedirecturl=\"https:\/\/www.google.com\/url?q=https:\/\/bellefaye.us5.list-manage.com\/track\/click?u%3D4b205a4cfff4ef726d40c2821%26id%3D86f2ae14fe%26e%3D18a96bbe37&amp;source=gmail&amp;ust=1594039584938000&amp;usg=AFQjCNFzYPv5_UXowjQbPUttzZDsMWEa-A\" rel=\"noopener noreferrer\"><b>Festival de Cabourg 10-14 juin<\/b><\/a>\u00a0en attente<br \/> <a href=\"https:\/\/bellefaye.us5.list-manage.com\/track\/click?u=4b205a4cfff4ef726d40c2821&amp;id=d31b5a14bb&amp;e=18a96bbe37\" target=\"_blank\" data-saferedirecturl=\"https:\/\/www.google.com\/url?q=https:\/\/bellefaye.us5.list-manage.com\/track\/click?u%3D4b205a4cfff4ef726d40c2821%26id%3Dd31b5a14bb%26e%3D18a96bbe37&amp;source=gmail&amp;ust=1594039584938000&amp;usg=AFQjCNG5Bp1WjbNuePj6OL-Vn0BZCf2bRQ\" rel=\"noopener noreferrer\"><b>Festival du film d&rsquo;animation d&rsquo;Annecy 15-30 juin<\/b><\/a>\u00a0\u00a0Virtuel<b><br \/> <\/b><a href=\"https:\/\/bellefaye.us5.list-manage.com\/track\/click?u=4b205a4cfff4ef726d40c2821&amp;id=acb72227b0&amp;e=18a96bbe37\" target=\"_blank\" data-saferedirecturl=\"https:\/\/www.google.com\/url?q=https:\/\/bellefaye.us5.list-manage.com\/track\/click?u%3D4b205a4cfff4ef726d40c2821%26id%3Dacb72227b0%26e%3D18a96bbe37&amp;source=gmail&amp;ust=1594039584938000&amp;usg=AFQjCNGt7BqnX2djoyPn_qwKerpu_uNpmA\" rel=\"noopener noreferrer\"><b>Deauville Green Award 17-18 juin<\/b><\/a>\u00a0Virtuel<br \/> <a href=\"https:\/\/bellefaye.us5.list-manage.com\/track\/click?u=4b205a4cfff4ef726d40c2821&amp;id=ec16a6fbd0&amp;e=18a96bbe37\" target=\"_blank\" data-saferedirecturl=\"https:\/\/www.google.com\/url?q=https:\/\/bellefaye.us5.list-manage.com\/track\/click?u%3D4b205a4cfff4ef726d40c2821%26id%3Dec16a6fbd0%26e%3D18a96bbe37&amp;source=gmail&amp;ust=1594039584938000&amp;usg=AFQjCNHsFvVrOSdgaXpu1AloXa0JxWjnkA\" rel=\"noopener noreferrer\"><b><s>Festival de T\u00e9l\u00e9vision Monaco 19-23 juin<\/s><\/b><\/a>\u00a0<s>\u00a0<\/s>\u00a0annul\u00e9<b><br \/> <\/b><a href=\"https:\/\/bellefaye.us5.list-manage.com\/track\/click?u=4b205a4cfff4ef726d40c2821&amp;id=0b2c9db7e4&amp;e=18a96bbe37\" target=\"_blank\" data-saferedirecturl=\"https:\/\/www.google.com\/url?q=https:\/\/bellefaye.us5.list-manage.com\/track\/click?u%3D4b205a4cfff4ef726d40c2821%26id%3D0b2c9db7e4%26e%3D18a96bbe37&amp;source=gmail&amp;ust=1594039584938000&amp;usg=AFQjCNFyc7fxfmc8Chz8jbTfbB6azyFanQ\" rel=\"noopener noreferrer\"><b>Sunny Side of the Doc La Rochelle 22-25 juin<\/b><\/a>\u00a0Virtuel<b><br \/> <a href=\"https:\/\/bellefaye.us5.list-manage.com\/track\/click?u=4b205a4cfff4ef726d40c2821&amp;id=fdff40f44d&amp;e=18a96bbe37\" target=\"_blank\" data-saferedirecturl=\"https:\/\/www.google.com\/url?q=https:\/\/bellefaye.us5.list-manage.com\/track\/click?u%3D4b205a4cfff4ef726d40c2821%26id%3Dfdff40f44d%26e%3D18a96bbe37&amp;source=gmail&amp;ust=1594039584938000&amp;usg=AFQjCNGQLCmCd5u5uyhtkSiDe8hTFdxHeQ\" rel=\"noopener noreferrer\">March\u00e9 du film de Cannes 22 au 26 juin<\/a>\u00a0<\/b>Virtuel<b><br \/> <\/b><a href=\"https:\/\/bellefaye.us5.list-manage.com\/track\/click?u=4b205a4cfff4ef726d40c2821&amp;id=bcb8181577&amp;e=18a96bbe37\" target=\"_blank\" data-saferedirecturl=\"https:\/\/www.google.com\/url?q=https:\/\/bellefaye.us5.list-manage.com\/track\/click?u%3D4b205a4cfff4ef726d40c2821%26id%3Dbcb8181577%26e%3D18a96bbe37&amp;source=gmail&amp;ust=1594039584938000&amp;usg=AFQjCNHfWNpc7FZZK4veP8DfkP2K4HAJlg\" rel=\"noopener noreferrer\">S\u00e9rie Series Fontainebleau 30 juin-2 juillet<\/a>\u00a0Virtuel<b><br \/> <\/b><a href=\"https:\/\/bellefaye.us5.list-manage.com\/track\/click?u=4b205a4cfff4ef726d40c2821&amp;id=4612640b7b&amp;e=18a96bbe37\" target=\"_blank\" data-saferedirecturl=\"https:\/\/www.google.com\/url?q=https:\/\/bellefaye.us5.list-manage.com\/track\/click?u%3D4b205a4cfff4ef726d40c2821%26id%3D4612640b7b%26e%3D18a96bbe37&amp;source=gmail&amp;ust=1594039584938000&amp;usg=AFQjCNEasxnqpZxwcBVbthwiR8EYQSEujg\" rel=\"noopener noreferrer\"><b>Festival de Contis 2-6 juillet<\/b><\/a>\u00a0Virtuel<br \/> <a href=\"https:\/\/bellefaye.us5.list-manage.com\/track\/click?u=4b205a4cfff4ef726d40c2821&amp;id=e5a138ebca&amp;e=18a96bbe37\" target=\"_blank\" data-saferedirecturl=\"https:\/\/www.google.com\/url?q=https:\/\/bellefaye.us5.list-manage.com\/track\/click?u%3D4b205a4cfff4ef726d40c2821%26id%3De5a138ebca%26e%3D18a96bbe37&amp;source=gmail&amp;ust=1594039584938000&amp;usg=AFQjCNHz0cMcwLc4gY5OPZ5GPErMLWKeNQ\" rel=\"noopener noreferrer\"><b>Festival film La Rochelle 26 juin-5 juillet<\/b><\/a>\u00a0Virtuel<br \/> <a href=\"https:\/\/bellefaye.us5.list-manage.com\/track\/click?u=4b205a4cfff4ef726d40c2821&amp;id=e3892df3f2&amp;e=18a96bbe37\" target=\"_blank\" data-saferedirecturl=\"https:\/\/www.google.com\/url?q=https:\/\/bellefaye.us5.list-manage.com\/track\/click?u%3D4b205a4cfff4ef726d40c2821%26id%3De3892df3f2%26e%3D18a96bbe37&amp;source=gmail&amp;ust=1594039584938000&amp;usg=AFQjCNG61zWluuiMDi2sEAgxKNc-Xq42hw\" rel=\"noopener noreferrer\">FID Marseille : FID Lab<\/a>\u00a0Virtuel\u00a06 au 10 juillet.<br \/> <a href=\"https:\/\/bellefaye.us5.list-manage.com\/track\/click?u=4b205a4cfff4ef726d40c2821&amp;id=ef4f77beed&amp;e=18a96bbe37\" target=\"_blank\" data-saferedirecturl=\"https:\/\/www.google.com\/url?q=https:\/\/bellefaye.us5.list-manage.com\/track\/click?u%3D4b205a4cfff4ef726d40c2821%26id%3Def4f77beed%26e%3D18a96bbe37&amp;source=gmail&amp;ust=1594039584938000&amp;usg=AFQjCNHOOA6XutlHYhyKlL807Yx2af0Y3A\" rel=\"noopener noreferrer\"><b>FID en salles Marseille<\/b><\/a>\u00a022-26 juillet<br \/> <a href=\"https:\/\/bellefaye.us5.list-manage.com\/track\/click?u=4b205a4cfff4ef726d40c2821&amp;id=c14b0ff70e&amp;e=18a96bbe37\" target=\"_blank\" data-saferedirecturl=\"https:\/\/www.google.com\/url?q=https:\/\/bellefaye.us5.list-manage.com\/track\/click?u%3D4b205a4cfff4ef726d40c2821%26id%3Dc14b0ff70e%26e%3D18a96bbe37&amp;source=gmail&amp;ust=1594039584938000&amp;usg=AFQjCNG8wa63ygOp0wq9VI-etIXY8LjUeg\" rel=\"noopener noreferrer\"><b><s>Sunset festival S\u00e8te 5-10 juillet<\/s><\/b><\/a>\u00a0\u00a0annul\u00e9<br \/> <a href=\"https:\/\/bellefaye.us5.list-manage.com\/track\/click?u=4b205a4cfff4ef726d40c2821&amp;id=d995e7c0ad&amp;e=18a96bbe37\" target=\"_blank\" data-saferedirecturl=\"https:\/\/www.google.com\/url?q=https:\/\/bellefaye.us5.list-manage.com\/track\/click?u%3D4b205a4cfff4ef726d40c2821%26id%3Dd995e7c0ad%26e%3D18a96bbe37&amp;source=gmail&amp;ust=1594039584938000&amp;usg=AFQjCNEoBxaB4cL5Z4fukOJMSqbO_RnRew\" rel=\"noopener noreferrer\"><s>Les Vendanges du 7\u00e8me Art Pauillac 7-12 juillet<\/s><\/a>\u00a0<s>\u00a0<\/s>\u00a0annul\u00e9<b><br \/> <a href=\"https:\/\/bellefaye.us5.list-manage.com\/track\/click?u=4b205a4cfff4ef726d40c2821&amp;id=b25ec83e92&amp;e=18a96bbe37\" target=\"_blank\" data-saferedirecturl=\"https:\/\/www.google.com\/url?q=https:\/\/bellefaye.us5.list-manage.com\/track\/click?u%3D4b205a4cfff4ef726d40c2821%26id%3Db25ec83e92%26e%3D18a96bbe37&amp;source=gmail&amp;ust=1594039584938000&amp;usg=AFQjCNG1zGAgAuw46wJBnOYMo_ICoxQJww\" rel=\"noopener noreferrer\">Festival du film de V\u00e9bron 21-25 Juillet<\/a><\/b><\/span><\/strong><\/p>\n<p><strong><span>Monde<\/span><\/strong><b><span><br \/> <\/span><\/b><b><span><br \/> <strong><a href=\"https:\/\/bellefaye.us5.list-manage.com\/track\/click?u=4b205a4cfff4ef726d40c2821&amp;id=f0824eaef5&amp;e=18a96bbe37\" target=\"_blank\" data-saferedirecturl=\"https:\/\/www.google.com\/url?q=https:\/\/bellefaye.us5.list-manage.com\/track\/click?u%3D4b205a4cfff4ef726d40c2821%26id%3Df0824eaef5%26e%3D18a96bbe37&amp;source=gmail&amp;ust=1594039584938000&amp;usg=AFQjCNGIXaitL4_uC7MMHgiurQyf88tb3w\" rel=\"noopener noreferrer\">Festival de film Sydney 10-21 juin<\/a>\u00a0<\/strong><\/span><\/b><strong><span>Virtuel<\/span><\/strong><strong><span><\/span><\/strong><b><span><br \/> <strong><a href=\"https:\/\/bellefaye.us5.list-manage.com\/track\/click?u=4b205a4cfff4ef726d40c2821&amp;id=fbdea6f0f7&amp;e=18a96bbe37\" target=\"_blank\" data-saferedirecturl=\"https:\/\/www.google.com\/url?q=https:\/\/bellefaye.us5.list-manage.com\/track\/click?u%3D4b205a4cfff4ef726d40c2821%26id%3Dfbdea6f0f7%26e%3D18a96bbe37&amp;source=gmail&amp;ust=1594039584938000&amp;usg=AFQjCNFBkCCjSzmaER5JMOp3odjbLGbDow\" rel=\"noopener noreferrer\">Festival de Film Pesaro\u00a0<s>13-20 juin<\/s><\/a>\u00a0report\u00e9 22-29 ao\u00fbt<\/strong><br \/> <strong><a href=\"https:\/\/bellefaye.us5.list-manage.com\/track\/click?u=4b205a4cfff4ef726d40c2821&amp;id=44644fd8ef&amp;e=18a96bbe37\" target=\"_blank\" data-saferedirecturl=\"https:\/\/www.google.com\/url?q=https:\/\/bellefaye.us5.list-manage.com\/track\/click?u%3D4b205a4cfff4ef726d40c2821%26id%3D44644fd8ef%26e%3D18a96bbe37&amp;source=gmail&amp;ust=1594039584938000&amp;usg=AFQjCNHHPRqfKe-WZh2VGPSfeleyoa8Nxg\" rel=\"noopener noreferrer\"><s>Festival du film Shanga\u00ef 14-16 juin<\/s><\/a>\u00a0annul\u00e9<\/strong><\/span><\/b><span><br \/> <a href=\"https:\/\/bellefaye.us5.list-manage.com\/track\/click?u=4b205a4cfff4ef726d40c2821&amp;id=36afb115c9&amp;e=18a96bbe37\" target=\"_blank\" data-saferedirecturl=\"https:\/\/www.google.com\/url?q=https:\/\/bellefaye.us5.list-manage.com\/track\/click?u%3D4b205a4cfff4ef726d40c2821%26id%3D36afb115c9%26e%3D18a96bbe37&amp;source=gmail&amp;ust=1594039584938000&amp;usg=AFQjCNH2oUxgm7HUFFvr6qyIunjPhkarwQ\" rel=\"noopener noreferrer\"><b>Shortfest festival Palm Spring 16-22 juin<\/b><\/a>\u00a0<\/span><span>Virtuel<\/span><span><br \/> <a href=\"https:\/\/bellefaye.us5.list-manage.com\/track\/click?u=4b205a4cfff4ef726d40c2821&amp;id=07607d6217&amp;e=18a96bbe37\" target=\"_blank\" data-saferedirecturl=\"https:\/\/www.google.com\/url?q=https:\/\/bellefaye.us5.list-manage.com\/track\/click?u%3D4b205a4cfff4ef726d40c2821%26id%3D07607d6217%26e%3D18a96bbe37&amp;source=gmail&amp;ust=1594039584938000&amp;usg=AFQjCNEZaXn_8S9iB0z6yaFTqVNCaHJ1Og\" rel=\"noopener noreferrer\"><b><s>Edinburgh Film Festival 17-28 juin<\/s><\/b><\/a>\u00a0annul\u00e9<br \/> <a href=\"https:\/\/bellefaye.us5.list-manage.com\/track\/click?u=4b205a4cfff4ef726d40c2821&amp;id=153d3c30b9&amp;e=18a96bbe37\" target=\"_blank\" data-saferedirecturl=\"https:\/\/www.google.com\/url?q=https:\/\/bellefaye.us5.list-manage.com\/track\/click?u%3D4b205a4cfff4ef726d40c2821%26id%3D153d3c30b9%26e%3D18a96bbe37&amp;source=gmail&amp;ust=1594039584938000&amp;usg=AFQjCNGSqugW1aCHOVIOfkuJ1Xv9T9PUGw\" rel=\"noopener noreferrer\"><b>European Film Festival Palic\u00a0<s>18-24 juin<\/s><\/b><\/a>\u00a08-14 ao\u00fbt<br \/> <a href=\"https:\/\/bellefaye.us5.list-manage.com\/track\/click?u=4b205a4cfff4ef726d40c2821&amp;id=15ce2dca0e&amp;e=18a96bbe37\" target=\"_blank\" data-saferedirecturl=\"https:\/\/www.google.com\/url?q=https:\/\/bellefaye.us5.list-manage.com\/track\/click?u%3D4b205a4cfff4ef726d40c2821%26id%3D15ce2dca0e%26e%3D18a96bbe37&amp;source=gmail&amp;ust=1594039584938000&amp;usg=AFQjCNGQStNvbcfedvv-lHR1W5WUzRtzTQ\" rel=\"noopener noreferrer\"><b>Festival de films de Ta\u00efpeh 25 juin-11 juillet<\/b><\/a><br \/> <a href=\"https:\/\/bellefaye.us5.list-manage.com\/track\/click?u=4b205a4cfff4ef726d40c2821&amp;id=a823238671&amp;e=18a96bbe37\" target=\"_blank\" data-saferedirecturl=\"https:\/\/www.google.com\/url?q=https:\/\/bellefaye.us5.list-manage.com\/track\/click?u%3D4b205a4cfff4ef726d40c2821%26id%3Da823238671%26e%3D18a96bbe37&amp;source=gmail&amp;ust=1594039584938000&amp;usg=AFQjCNEGRhSXCjpRv2wO-855ZHq0FcFFxg\" rel=\"noopener noreferrer\"><b><s>Festival de film Munich 25 juin-4 juillet<\/s><\/b><\/a>\u00a0annul\u00e9<br \/> <a href=\"https:\/\/bellefaye.us5.list-manage.com\/track\/click?u=4b205a4cfff4ef726d40c2821&amp;id=42ccc3120d&amp;e=18a96bbe37\" target=\"_blank\" data-saferedirecturl=\"https:\/\/www.google.com\/url?q=https:\/\/bellefaye.us5.list-manage.com\/track\/click?u%3D4b205a4cfff4ef726d40c2821%26id%3D42ccc3120d%26e%3D18a96bbe37&amp;source=gmail&amp;ust=1594039584938000&amp;usg=AFQjCNGYnoAx2Gt7l5K3hmmu9XIWvFQOwQ\" rel=\"noopener noreferrer\"><b><s>Neuch\u00e2tel Fantastic Film Festival 3-11Juillet<\/s><\/b><\/a>\u00a0annul\u00e9<br \/> <a href=\"https:\/\/bellefaye.us5.list-manage.com\/track\/click?u=4b205a4cfff4ef726d40c2821&amp;id=3bfb259a31&amp;e=18a96bbe37\" target=\"_blank\" data-saferedirecturl=\"https:\/\/www.google.com\/url?q=https:\/\/bellefaye.us5.list-manage.com\/track\/click?u%3D4b205a4cfff4ef726d40c2821%26id%3D3bfb259a31%26e%3D18a96bbe37&amp;source=gmail&amp;ust=1594039584938000&amp;usg=AFQjCNHWR5utd0hIF3Wg1dbA7Nb1Q0c26w\" rel=\"noopener noreferrer\"><b>Festival de Giffoni 16-26 juillet<\/b><\/a>\u00a0report\u00e9 18-22 et 25-29 ao\u00fbt<br \/> <a href=\"https:\/\/bellefaye.us5.list-manage.com\/track\/click?u=4b205a4cfff4ef726d40c2821&amp;id=841cdba841&amp;e=18a96bbe37\" target=\"_blank\" data-saferedirecturl=\"https:\/\/www.google.com\/url?q=https:\/\/bellefaye.us5.list-manage.com\/track\/click?u%3D4b205a4cfff4ef726d40c2821%26id%3D841cdba841%26e%3D18a96bbe37&amp;source=gmail&amp;ust=1594039584938000&amp;usg=AFQjCNH6sHE5JaVzilzLpOrwT5qj7iWagQ\" rel=\"noopener noreferrer\"><b>Festival de J\u00e9rusalem 16-26 juillet<\/b><\/a>\u00a0report\u00e9 20-30 ao\u00fbt<br \/> <a href=\"https:\/\/bellefaye.us5.list-manage.com\/track\/click?u=4b205a4cfff4ef726d40c2821&amp;id=78d0826612&amp;e=18a96bbe37\" target=\"_blank\" data-saferedirecturl=\"https:\/\/www.google.com\/url?q=https:\/\/bellefaye.us5.list-manage.com\/track\/click?u%3D4b205a4cfff4ef726d40c2821%26id%3D78d0826612%26e%3D18a96bbe37&amp;source=gmail&amp;ust=1594039584938000&amp;usg=AFQjCNEvXL0jJti2rIeSTYVkjj4GPNurqQ\" rel=\"noopener noreferrer\"><b>NaturVision Filmfestival Ludwigsburg 16-19 juillet<\/b><\/a><br \/> <a href=\"https:\/\/bellefaye.us5.list-manage.com\/track\/click?u=4b205a4cfff4ef726d40c2821&amp;id=b3c391edb3&amp;e=18a96bbe37\" target=\"_blank\" data-saferedirecturl=\"https:\/\/www.google.com\/url?q=https:\/\/bellefaye.us5.list-manage.com\/track\/click?u%3D4b205a4cfff4ef726d40c2821%26id%3Db3c391edb3%26e%3D18a96bbe37&amp;source=gmail&amp;ust=1594039584938000&amp;usg=AFQjCNFE-l10Bon1Py_M4GxRAyYfoghl7A\" rel=\"noopener noreferrer\"><b><s>Festival de Karlovy Vary<\/s><\/b><\/a>\u00a0annul\u00e9<br \/> <a href=\"https:\/\/bellefaye.us5.list-manage.com\/track\/click?u=4b205a4cfff4ef726d40c2821&amp;id=5cab192e7f&amp;e=18a96bbe37\" target=\"_blank\" data-saferedirecturl=\"https:\/\/www.google.com\/url?q=https:\/\/bellefaye.us5.list-manage.com\/track\/click?u%3D4b205a4cfff4ef726d40c2821%26id%3D5cab192e7f%26e%3D18a96bbe37&amp;source=gmail&amp;ust=1594039584938000&amp;usg=AFQjCNHu2KP6QC6krKueN2h11iLACg2oWw\" rel=\"noopener noreferrer\"><b>Festival du court-m\u00e9trage de Hambourg<\/b><\/a>\u00a0report\u00e9 6-8 novembre<br \/> Festival de Sheffield<\/span><\/p>\n<p>[\/et_pb_text][\/et_pb_column][\/et_pb_row][\/et_pb_section]<\/p>\n","protected":false},"excerpt":{"rendered":"<p>www.bellefaye.com \/\u00a0Newsletter@bellefaye.com Cannes : Pr\u00e9sident, Pr\u00e9sidente On s&rsquo;attendait \u00e0 un tsunami de commentaires,\u00a0apr\u00e8s la d\u00e9claration de Pierre Lescure, interrog\u00e9\u00a0dans \u00ab\u00a0C \u00e0 vous\u00a0\u00bb, le vendredi 5\u00a0juin Mais rien !\u00a0Il est vrai\u00a0 qu&rsquo;une minute trente, un vendredi soir, apr\u00e8s le g\u00e9n\u00e9rique de l&rsquo;\u00e9mission&#8230;F\u00e9licit\u00e9 sur sa r\u00e9\u00e9lection, un 3e mandat de pr\u00e9sident du Festival de Cannes,\u00e0 l&rsquo;unanimit\u00e9, pr\u00e9cise-t-il, [&hellip;]<\/p>\n","protected":false},"author":1,"featured_media":74,"comment_status":"closed","ping_status":"open","sticky":false,"template":"","format":"standard","meta":{"_et_pb_use_builder":"on","_et_pb_old_content":"","_et_gb_content_width":"2880","_jetpack_memberships_contains_paid_content":false,"footnotes":"","jetpack_publicize_message":"","jetpack_publicize_feature_enabled":true,"jetpack_social_post_already_shared":false,"jetpack_social_options":{"image_generator_settings":{"template":"highway","default_image_id":0,"font":"","enabled":false},"version":2}},"categories":[157],"tags":[],"class_list":["post-6457","post","type-post","status-publish","format-standard","has-post-thumbnail","hentry","category-actualites"],"yoast_head":"<!-- This site is optimized with the Yoast SEO plugin v26.9 - https:\/\/yoast.com\/product\/yoast-seo-wordpress\/ -->\n<title>Newsletter BELLEFAYE N\u00b0459 - Film en Languedoc Occitanie<\/title>\n<meta name=\"robots\" content=\"index, follow, max-snippet:-1, max-image-preview:large, max-video-preview:-1\" \/>\n<link rel=\"canonical\" href=\"https:\/\/filmenlanguedoc.com\/index.php\/2020\/06\/11\/newsletter-bellefaye-n459\/\" \/>\n<meta property=\"og:locale\" content=\"fr_FR\" \/>\n<meta property=\"og:type\" content=\"article\" \/>\n<meta property=\"og:title\" content=\"Newsletter BELLEFAYE N\u00b0459 - Film en Languedoc Occitanie\" \/>\n<meta property=\"og:description\" content=\"www.bellefaye.com \/\u00a0Newsletter@bellefaye.com Cannes : Pr\u00e9sident, Pr\u00e9sidente On s&#039;attendait \u00e0 un tsunami de commentaires,\u00a0apr\u00e8s la d\u00e9claration de Pierre Lescure, interrog\u00e9\u00a0dans &quot;C \u00e0 vous&quot;, le vendredi 5\u00a0juin Mais rien !\u00a0Il est vrai\u00a0 qu&#039;une minute trente, un vendredi soir, apr\u00e8s le g\u00e9n\u00e9rique de l&#039;\u00e9mission...F\u00e9licit\u00e9 sur sa r\u00e9\u00e9lection, un 3e mandat de pr\u00e9sident du Festival de Cannes,\u00e0 l&#039;unanimit\u00e9, pr\u00e9cise-t-il, [&hellip;]\" \/>\n<meta property=\"og:url\" content=\"https:\/\/filmenlanguedoc.com\/index.php\/2020\/06\/11\/newsletter-bellefaye-n459\/\" \/>\n<meta property=\"og:site_name\" content=\"Film en Languedoc Occitanie\" \/>\n<meta property=\"article:published_time\" content=\"2020-06-11T13:10:24+00:00\" \/>\n<meta property=\"article:modified_time\" content=\"2020-07-05T13:19:05+00:00\" \/>\n<meta property=\"og:image\" content=\"https:\/\/i0.wp.com\/filmenlanguedoc.com\/wp-content\/uploads\/2020\/03\/fond-adh\u00e9sion.png?fit=1200%2C1200&ssl=1\" \/>\n\t<meta property=\"og:image:width\" content=\"1200\" \/>\n\t<meta property=\"og:image:height\" content=\"1200\" \/>\n\t<meta property=\"og:image:type\" content=\"image\/png\" \/>\n<meta name=\"author\" content=\"admin6585\" \/>\n<meta name=\"twitter:card\" content=\"summary_large_image\" \/>\n<meta name=\"twitter:label1\" content=\"\u00c9crit par\" \/>\n\t<meta name=\"twitter:data1\" content=\"admin6585\" \/>\n\t<meta name=\"twitter:label2\" content=\"Dur\u00e9e de lecture estim\u00e9e\" \/>\n\t<meta name=\"twitter:data2\" content=\"11 minutes\" \/>\n<script type=\"application\/ld+json\" class=\"yoast-schema-graph\">{\"@context\":\"https:\/\/schema.org\",\"@graph\":[{\"@type\":\"Article\",\"@id\":\"https:\/\/filmenlanguedoc.com\/index.php\/2020\/06\/11\/newsletter-bellefaye-n459\/#article\",\"isPartOf\":{\"@id\":\"https:\/\/filmenlanguedoc.com\/index.php\/2020\/06\/11\/newsletter-bellefaye-n459\/\"},\"author\":{\"name\":\"admin6585\",\"@id\":\"https:\/\/filmenlanguedoc.com\/#\/schema\/person\/5a68e737a4c42a2d9138915ac4fd686e\"},\"headline\":\"Newsletter BELLEFAYE N\u00b0459\",\"datePublished\":\"2020-06-11T13:10:24+00:00\",\"dateModified\":\"2020-07-05T13:19:05+00:00\",\"mainEntityOfPage\":{\"@id\":\"https:\/\/filmenlanguedoc.com\/index.php\/2020\/06\/11\/newsletter-bellefaye-n459\/\"},\"wordCount\":2290,\"publisher\":{\"@id\":\"https:\/\/filmenlanguedoc.com\/#organization\"},\"image\":{\"@id\":\"https:\/\/filmenlanguedoc.com\/index.php\/2020\/06\/11\/newsletter-bellefaye-n459\/#primaryimage\"},\"thumbnailUrl\":\"https:\/\/i0.wp.com\/filmenlanguedoc.com\/wp-content\/uploads\/2020\/03\/fond-adh%C3%A9sion.png?fit=1200%2C1200&ssl=1\",\"articleSection\":[\"Actualit\u00e9s\"],\"inLanguage\":\"fr-FR\"},{\"@type\":\"WebPage\",\"@id\":\"https:\/\/filmenlanguedoc.com\/index.php\/2020\/06\/11\/newsletter-bellefaye-n459\/\",\"url\":\"https:\/\/filmenlanguedoc.com\/index.php\/2020\/06\/11\/newsletter-bellefaye-n459\/\",\"name\":\"Newsletter BELLEFAYE N\u00b0459 - Film en Languedoc Occitanie\",\"isPartOf\":{\"@id\":\"https:\/\/filmenlanguedoc.com\/#website\"},\"primaryImageOfPage\":{\"@id\":\"https:\/\/filmenlanguedoc.com\/index.php\/2020\/06\/11\/newsletter-bellefaye-n459\/#primaryimage\"},\"image\":{\"@id\":\"https:\/\/filmenlanguedoc.com\/index.php\/2020\/06\/11\/newsletter-bellefaye-n459\/#primaryimage\"},\"thumbnailUrl\":\"https:\/\/i0.wp.com\/filmenlanguedoc.com\/wp-content\/uploads\/2020\/03\/fond-adh%C3%A9sion.png?fit=1200%2C1200&ssl=1\",\"datePublished\":\"2020-06-11T13:10:24+00:00\",\"dateModified\":\"2020-07-05T13:19:05+00:00\",\"breadcrumb\":{\"@id\":\"https:\/\/filmenlanguedoc.com\/index.php\/2020\/06\/11\/newsletter-bellefaye-n459\/#breadcrumb\"},\"inLanguage\":\"fr-FR\",\"potentialAction\":[{\"@type\":\"ReadAction\",\"target\":[\"https:\/\/filmenlanguedoc.com\/index.php\/2020\/06\/11\/newsletter-bellefaye-n459\/\"]}]},{\"@type\":\"ImageObject\",\"inLanguage\":\"fr-FR\",\"@id\":\"https:\/\/filmenlanguedoc.com\/index.php\/2020\/06\/11\/newsletter-bellefaye-n459\/#primaryimage\",\"url\":\"https:\/\/i0.wp.com\/filmenlanguedoc.com\/wp-content\/uploads\/2020\/03\/fond-adh%C3%A9sion.png?fit=1200%2C1200&ssl=1\",\"contentUrl\":\"https:\/\/i0.wp.com\/filmenlanguedoc.com\/wp-content\/uploads\/2020\/03\/fond-adh%C3%A9sion.png?fit=1200%2C1200&ssl=1\",\"width\":1200,\"height\":1200},{\"@type\":\"BreadcrumbList\",\"@id\":\"https:\/\/filmenlanguedoc.com\/index.php\/2020\/06\/11\/newsletter-bellefaye-n459\/#breadcrumb\",\"itemListElement\":[{\"@type\":\"ListItem\",\"position\":1,\"name\":\"Accueil\",\"item\":\"https:\/\/filmenlanguedoc.com\/\"},{\"@type\":\"ListItem\",\"position\":2,\"name\":\"Newsletter BELLEFAYE N\u00b0459\"}]},{\"@type\":\"WebSite\",\"@id\":\"https:\/\/filmenlanguedoc.com\/#website\",\"url\":\"https:\/\/filmenlanguedoc.com\/\",\"name\":\"Film en Languedoc Occitanie\",\"description\":\"Film en Languedoc Occitanie est une association de techniciens, ouvriers et r\u00e9alisateurs du cin\u00e9ma et de l\u2019audiovisuel. Elle est n\u00e9e en 2011 du d\u00e9sir de partager notre passion commune.\",\"publisher\":{\"@id\":\"https:\/\/filmenlanguedoc.com\/#organization\"},\"potentialAction\":[{\"@type\":\"SearchAction\",\"target\":{\"@type\":\"EntryPoint\",\"urlTemplate\":\"https:\/\/filmenlanguedoc.com\/?s={search_term_string}\"},\"query-input\":{\"@type\":\"PropertyValueSpecification\",\"valueRequired\":true,\"valueName\":\"search_term_string\"}}],\"inLanguage\":\"fr-FR\"},{\"@type\":\"Organization\",\"@id\":\"https:\/\/filmenlanguedoc.com\/#organization\",\"name\":\"Film en Languedoc Occitanie\",\"url\":\"https:\/\/filmenlanguedoc.com\/\",\"logo\":{\"@type\":\"ImageObject\",\"inLanguage\":\"fr-FR\",\"@id\":\"https:\/\/filmenlanguedoc.com\/#\/schema\/logo\/image\/\",\"url\":\"https:\/\/i0.wp.com\/filmenlanguedoc.com\/wp-content\/uploads\/2020\/04\/logotype-film-en-languedoc-occitanie-verticale-violet.png?fit=1080%2C1080&ssl=1\",\"contentUrl\":\"https:\/\/i0.wp.com\/filmenlanguedoc.com\/wp-content\/uploads\/2020\/04\/logotype-film-en-languedoc-occitanie-verticale-violet.png?fit=1080%2C1080&ssl=1\",\"width\":1080,\"height\":1080,\"caption\":\"Film en Languedoc Occitanie\"},\"image\":{\"@id\":\"https:\/\/filmenlanguedoc.com\/#\/schema\/logo\/image\/\"}},{\"@type\":\"Person\",\"@id\":\"https:\/\/filmenlanguedoc.com\/#\/schema\/person\/5a68e737a4c42a2d9138915ac4fd686e\",\"name\":\"admin6585\",\"image\":{\"@type\":\"ImageObject\",\"inLanguage\":\"fr-FR\",\"@id\":\"https:\/\/filmenlanguedoc.com\/#\/schema\/person\/image\/\",\"url\":\"https:\/\/secure.gravatar.com\/avatar\/13e90cdb77b1414f85ce19b0b7ad6e3690148a2c322d187d309c6f496a8d5fb8?s=96&d=mm&r=g\",\"contentUrl\":\"https:\/\/secure.gravatar.com\/avatar\/13e90cdb77b1414f85ce19b0b7ad6e3690148a2c322d187d309c6f496a8d5fb8?s=96&d=mm&r=g\",\"caption\":\"admin6585\"},\"url\":\"https:\/\/filmenlanguedoc.com\/index.php\/author\/admin6585\/\"}]}<\/script>\n<!-- \/ Yoast SEO plugin. -->","yoast_head_json":{"title":"Newsletter BELLEFAYE N\u00b0459 - Film en Languedoc Occitanie","robots":{"index":"index","follow":"follow","max-snippet":"max-snippet:-1","max-image-preview":"max-image-preview:large","max-video-preview":"max-video-preview:-1"},"canonical":"https:\/\/filmenlanguedoc.com\/index.php\/2020\/06\/11\/newsletter-bellefaye-n459\/","og_locale":"fr_FR","og_type":"article","og_title":"Newsletter BELLEFAYE N\u00b0459 - Film en Languedoc Occitanie","og_description":"www.bellefaye.com \/\u00a0Newsletter@bellefaye.com Cannes : Pr\u00e9sident, Pr\u00e9sidente On s'attendait \u00e0 un tsunami de commentaires,\u00a0apr\u00e8s la d\u00e9claration de Pierre Lescure, interrog\u00e9\u00a0dans \"C \u00e0 vous\", le vendredi 5\u00a0juin Mais rien !\u00a0Il est vrai\u00a0 qu'une minute trente, un vendredi soir, apr\u00e8s le g\u00e9n\u00e9rique de l'\u00e9mission...F\u00e9licit\u00e9 sur sa r\u00e9\u00e9lection, un 3e mandat de pr\u00e9sident du Festival de Cannes,\u00e0 l'unanimit\u00e9, pr\u00e9cise-t-il, [&hellip;]","og_url":"https:\/\/filmenlanguedoc.com\/index.php\/2020\/06\/11\/newsletter-bellefaye-n459\/","og_site_name":"Film en Languedoc Occitanie","article_published_time":"2020-06-11T13:10:24+00:00","article_modified_time":"2020-07-05T13:19:05+00:00","og_image":[{"width":1200,"height":1200,"url":"https:\/\/i0.wp.com\/filmenlanguedoc.com\/wp-content\/uploads\/2020\/03\/fond-adh\u00e9sion.png?fit=1200%2C1200&ssl=1","type":"image\/png"}],"author":"admin6585","twitter_card":"summary_large_image","twitter_misc":{"\u00c9crit par":"admin6585","Dur\u00e9e de lecture estim\u00e9e":"11 minutes"},"schema":{"@context":"https:\/\/schema.org","@graph":[{"@type":"Article","@id":"https:\/\/filmenlanguedoc.com\/index.php\/2020\/06\/11\/newsletter-bellefaye-n459\/#article","isPartOf":{"@id":"https:\/\/filmenlanguedoc.com\/index.php\/2020\/06\/11\/newsletter-bellefaye-n459\/"},"author":{"name":"admin6585","@id":"https:\/\/filmenlanguedoc.com\/#\/schema\/person\/5a68e737a4c42a2d9138915ac4fd686e"},"headline":"Newsletter BELLEFAYE N\u00b0459","datePublished":"2020-06-11T13:10:24+00:00","dateModified":"2020-07-05T13:19:05+00:00","mainEntityOfPage":{"@id":"https:\/\/filmenlanguedoc.com\/index.php\/2020\/06\/11\/newsletter-bellefaye-n459\/"},"wordCount":2290,"publisher":{"@id":"https:\/\/filmenlanguedoc.com\/#organization"},"image":{"@id":"https:\/\/filmenlanguedoc.com\/index.php\/2020\/06\/11\/newsletter-bellefaye-n459\/#primaryimage"},"thumbnailUrl":"https:\/\/i0.wp.com\/filmenlanguedoc.com\/wp-content\/uploads\/2020\/03\/fond-adh%C3%A9sion.png?fit=1200%2C1200&ssl=1","articleSection":["Actualit\u00e9s"],"inLanguage":"fr-FR"},{"@type":"WebPage","@id":"https:\/\/filmenlanguedoc.com\/index.php\/2020\/06\/11\/newsletter-bellefaye-n459\/","url":"https:\/\/filmenlanguedoc.com\/index.php\/2020\/06\/11\/newsletter-bellefaye-n459\/","name":"Newsletter BELLEFAYE N\u00b0459 - Film en Languedoc Occitanie","isPartOf":{"@id":"https:\/\/filmenlanguedoc.com\/#website"},"primaryImageOfPage":{"@id":"https:\/\/filmenlanguedoc.com\/index.php\/2020\/06\/11\/newsletter-bellefaye-n459\/#primaryimage"},"image":{"@id":"https:\/\/filmenlanguedoc.com\/index.php\/2020\/06\/11\/newsletter-bellefaye-n459\/#primaryimage"},"thumbnailUrl":"https:\/\/i0.wp.com\/filmenlanguedoc.com\/wp-content\/uploads\/2020\/03\/fond-adh%C3%A9sion.png?fit=1200%2C1200&ssl=1","datePublished":"2020-06-11T13:10:24+00:00","dateModified":"2020-07-05T13:19:05+00:00","breadcrumb":{"@id":"https:\/\/filmenlanguedoc.com\/index.php\/2020\/06\/11\/newsletter-bellefaye-n459\/#breadcrumb"},"inLanguage":"fr-FR","potentialAction":[{"@type":"ReadAction","target":["https:\/\/filmenlanguedoc.com\/index.php\/2020\/06\/11\/newsletter-bellefaye-n459\/"]}]},{"@type":"ImageObject","inLanguage":"fr-FR","@id":"https:\/\/filmenlanguedoc.com\/index.php\/2020\/06\/11\/newsletter-bellefaye-n459\/#primaryimage","url":"https:\/\/i0.wp.com\/filmenlanguedoc.com\/wp-content\/uploads\/2020\/03\/fond-adh%C3%A9sion.png?fit=1200%2C1200&ssl=1","contentUrl":"https:\/\/i0.wp.com\/filmenlanguedoc.com\/wp-content\/uploads\/2020\/03\/fond-adh%C3%A9sion.png?fit=1200%2C1200&ssl=1","width":1200,"height":1200},{"@type":"BreadcrumbList","@id":"https:\/\/filmenlanguedoc.com\/index.php\/2020\/06\/11\/newsletter-bellefaye-n459\/#breadcrumb","itemListElement":[{"@type":"ListItem","position":1,"name":"Accueil","item":"https:\/\/filmenlanguedoc.com\/"},{"@type":"ListItem","position":2,"name":"Newsletter BELLEFAYE N\u00b0459"}]},{"@type":"WebSite","@id":"https:\/\/filmenlanguedoc.com\/#website","url":"https:\/\/filmenlanguedoc.com\/","name":"Film en Languedoc Occitanie","description":"Film en Languedoc Occitanie est une association de techniciens, ouvriers et r\u00e9alisateurs du cin\u00e9ma et de l\u2019audiovisuel. Elle est n\u00e9e en 2011 du d\u00e9sir de partager notre passion commune.","publisher":{"@id":"https:\/\/filmenlanguedoc.com\/#organization"},"potentialAction":[{"@type":"SearchAction","target":{"@type":"EntryPoint","urlTemplate":"https:\/\/filmenlanguedoc.com\/?s={search_term_string}"},"query-input":{"@type":"PropertyValueSpecification","valueRequired":true,"valueName":"search_term_string"}}],"inLanguage":"fr-FR"},{"@type":"Organization","@id":"https:\/\/filmenlanguedoc.com\/#organization","name":"Film en Languedoc Occitanie","url":"https:\/\/filmenlanguedoc.com\/","logo":{"@type":"ImageObject","inLanguage":"fr-FR","@id":"https:\/\/filmenlanguedoc.com\/#\/schema\/logo\/image\/","url":"https:\/\/i0.wp.com\/filmenlanguedoc.com\/wp-content\/uploads\/2020\/04\/logotype-film-en-languedoc-occitanie-verticale-violet.png?fit=1080%2C1080&ssl=1","contentUrl":"https:\/\/i0.wp.com\/filmenlanguedoc.com\/wp-content\/uploads\/2020\/04\/logotype-film-en-languedoc-occitanie-verticale-violet.png?fit=1080%2C1080&ssl=1","width":1080,"height":1080,"caption":"Film en Languedoc Occitanie"},"image":{"@id":"https:\/\/filmenlanguedoc.com\/#\/schema\/logo\/image\/"}},{"@type":"Person","@id":"https:\/\/filmenlanguedoc.com\/#\/schema\/person\/5a68e737a4c42a2d9138915ac4fd686e","name":"admin6585","image":{"@type":"ImageObject","inLanguage":"fr-FR","@id":"https:\/\/filmenlanguedoc.com\/#\/schema\/person\/image\/","url":"https:\/\/secure.gravatar.com\/avatar\/13e90cdb77b1414f85ce19b0b7ad6e3690148a2c322d187d309c6f496a8d5fb8?s=96&d=mm&r=g","contentUrl":"https:\/\/secure.gravatar.com\/avatar\/13e90cdb77b1414f85ce19b0b7ad6e3690148a2c322d187d309c6f496a8d5fb8?s=96&d=mm&r=g","caption":"admin6585"},"url":"https:\/\/filmenlanguedoc.com\/index.php\/author\/admin6585\/"}]}},"jetpack_publicize_connections":[],"jetpack_featured_media_url":"https:\/\/i0.wp.com\/filmenlanguedoc.com\/wp-content\/uploads\/2020\/03\/fond-adh%C3%A9sion.png?fit=1200%2C1200&ssl=1","jetpack_sharing_enabled":true,"_links":{"self":[{"href":"https:\/\/filmenlanguedoc.com\/index.php\/wp-json\/wp\/v2\/posts\/6457","targetHints":{"allow":["GET"]}}],"collection":[{"href":"https:\/\/filmenlanguedoc.com\/index.php\/wp-json\/wp\/v2\/posts"}],"about":[{"href":"https:\/\/filmenlanguedoc.com\/index.php\/wp-json\/wp\/v2\/types\/post"}],"author":[{"embeddable":true,"href":"https:\/\/filmenlanguedoc.com\/index.php\/wp-json\/wp\/v2\/users\/1"}],"replies":[{"embeddable":true,"href":"https:\/\/filmenlanguedoc.com\/index.php\/wp-json\/wp\/v2\/comments?post=6457"}],"version-history":[{"count":8,"href":"https:\/\/filmenlanguedoc.com\/index.php\/wp-json\/wp\/v2\/posts\/6457\/revisions"}],"predecessor-version":[{"id":6472,"href":"https:\/\/filmenlanguedoc.com\/index.php\/wp-json\/wp\/v2\/posts\/6457\/revisions\/6472"}],"wp:featuredmedia":[{"embeddable":true,"href":"https:\/\/filmenlanguedoc.com\/index.php\/wp-json\/wp\/v2\/media\/74"}],"wp:attachment":[{"href":"https:\/\/filmenlanguedoc.com\/index.php\/wp-json\/wp\/v2\/media?parent=6457"}],"wp:term":[{"taxonomy":"category","embeddable":true,"href":"https:\/\/filmenlanguedoc.com\/index.php\/wp-json\/wp\/v2\/categories?post=6457"},{"taxonomy":"post_tag","embeddable":true,"href":"https:\/\/filmenlanguedoc.com\/index.php\/wp-json\/wp\/v2\/tags?post=6457"}],"curies":[{"name":"wp","href":"https:\/\/api.w.org\/{rel}","templated":true}]}}